{"id":48859,"date":"2026-05-03T04:50:11","date_gmt":"2026-05-03T07:50:11","guid":{"rendered":"https:\/\/somdepapo.com.br\/portal\/?p=48859"},"modified":"2026-05-02T21:51:26","modified_gmt":"2026-05-03T00:51:26","slug":"mae-suficiente-por-que-sua-presenca-emocional-e-mais-importante-do-que-a-perfeicao","status":"publish","type":"post","link":"https:\/\/somdepapo.com.br\/portal\/mae-suficiente-por-que-sua-presenca-emocional-e-mais-importante-do-que-a-perfeicao\/","title":{"rendered":"M\u00e3e Suficiente: por que sua presen\u00e7a emocional \u00e9 mais importante do que a perfei\u00e7\u00e3o"},"content":{"rendered":"<p style=\"text-align: justify;\">Vivemos em um tempo em que muitas m\u00e3es sentem que precisam dar conta de tudo. Precisam trabalhar, educar, acompanhar a escola, proteger emocionalmente os filhos, estimular o desenvolvimento e ainda manter equil\u00edbrio dentro de casa. No meio de tantas exig\u00eancias, \u00e9 comum surgir uma sensa\u00e7\u00e3o silenciosa de que nunca \u00e9 o bastante.<\/p>\n<p style=\"text-align: justify;\">Mas a psicologia do desenvolvimento infantil nos mostra algo muito importante: crian\u00e7as n\u00e3o precisam de m\u00e3es perfeitas. Precisam de m\u00e3es emocionalmente dispon\u00edveis.<\/p>\n<p style=\"text-align: justify;\">Ser emocionalmente dispon\u00edvel n\u00e3o significa estar presente o tempo todo ou nunca errar. Significa oferecer seguran\u00e7a afetiva, escuta, previsibilidade e cuidado nas rela\u00e7\u00f5es do dia a dia. \u00c9 essa presen\u00e7a consistente que ajuda a crian\u00e7a a construir confian\u00e7a em si mesma e no mundo ao seu redor.<\/p>\n<p style=\"text-align: justify;\">Muitas vezes, o que fortalece uma crian\u00e7a n\u00e3o s\u00e3o grandes interven\u00e7\u00f5es, mas pequenos momentos repetidos com const\u00e2ncia: quando a m\u00e3e escuta antes de corrigir, quando acolhe uma emo\u00e7\u00e3o dif\u00edcil, quando sustenta um limite com firmeza e carinho, ou quando reconhece que errou e se aproxima novamente. Esses gestos simples organizam emocionalmente a crian\u00e7a e ajudam a formar uma base segura para o desenvolvimento.<\/p>\n<p style=\"text-align: justify;\">Ao contr\u00e1rio do que muitas m\u00e3es imaginam, n\u00e3o \u00e9 a aus\u00eancia de erros que protege uma crian\u00e7a. O que realmente fortalece \u00e9 a qualidade da rela\u00e7\u00e3o constru\u00edda ao longo do tempo.<\/p>\n<p style=\"text-align: justify;\">Inclusive, aprender a reparar um erro faz parte de uma maternidade saud\u00e1vel. Quando a m\u00e3e consegue dizer \u201cacho que fui dura demais agora\u201d ou \u201cvamos conversar melhor sobre isso\u201d, ela ensina algo muito valioso: que os v\u00ednculos podem ser reconstru\u00eddos e que as rela\u00e7\u00f5es s\u00e3o espa\u00e7os de cuidado e confian\u00e7a.<\/p>\n<p style=\"text-align: justify;\">Outro ponto importante \u00e9 compreender que a maternidade n\u00e3o precisa ser solit\u00e1ria. Buscar orienta\u00e7\u00e3o, apoio ou acompanhamento psicol\u00f3gico quando surgem d\u00favidas sobre o comportamento dos filhos n\u00e3o significa falha. Pelo contr\u00e1rio, \u00e9 um gesto de responsabilidade emocional e de prote\u00e7\u00e3o ao desenvolvimento da crian\u00e7a.<\/p>\n<p style=\"text-align: justify;\">Neste m\u00eas em que celebramos o Dia das M\u00e3es, vale lembrar: ser uma m\u00e3e suficientemente presente, sens\u00edvel e dispon\u00edvel emocionalmente j\u00e1 \u00e9 uma das maiores contribui\u00e7\u00f5es que um filho pode receber para crescer com seguran\u00e7a, autoestima e equil\u00edbrio.<\/p>\n<p style=\"text-align: justify;\">E quando essa presen\u00e7a vem acompanhada de orienta\u00e7\u00e3o e suporte, ela se torna ainda mais potente.<\/p>\n<p style=\"text-align: justify;\">\u00c9rika Ricci \u00e9 psic\u00f3loga cl\u00ednica, com atua\u00e7\u00e3o em psicoterapia infantil, juvenil e orienta\u00e7\u00e3o familiar. Diretora da cl\u00ednica Jardim da Consci\u00eancia, realiza acompanhamento psicol\u00f3gico com foco no desenvolvimento emocional de crian\u00e7as e adolescentes, al\u00e9m de apoio \u00e0s fam\u00edlias no processo educativo.<\/p>\n<p style=\"text-align: justify;\">\u00c9rika Ricci \u2013 Psic\u00f3loga Cl\u00ednica<\/p>\n<p style=\"text-align: justify;\">Atendimento psicol\u00f3gico para crian\u00e7as e adolescentes | Orienta\u00e7\u00e3o familiar<\/p>\n<p style=\"text-align: justify;\">\ud83d\udcf1 WhatsApp: (11) 9 5636-6017<\/p>\n<p style=\"text-align: justify;\">\ud83d\udcf7 Instagram: @erikaricci.psico<\/p>\n<p style=\"text-align: justify;\">\ud83d\udce7 jardim.da.consciencia.psi@gmail.com<\/p>\n<p style=\"text-align: justify;\">\ud83d\udccd S\u00e3o Caetano do Sul \u2013 SP | Atendimento presencial e online<\/p>\n<p style=\"text-align: justify;\">WhatsApp: https:\/\/wa.me\/5511956366017<\/p>\n<p style=\"text-align: justify;\">&nbsp;<\/p>\n<p style=\"text-align: justify;\">&nbsp;<\/p>\n","protected":false},"excerpt":{"rendered":"<p>Vivemos em um tempo em que muitas m\u00e3es sentem que precisam dar conta de tudo. Precisam trabalhar, educar, acompanhar a escola, proteger emocionalmente os filhos, estimular o desenvolvimento e ainda manter equil\u00edbrio dentro de casa. No meio de tantas exig\u00eancias, \u00e9 comum surgir uma sensa\u00e7\u00e3o silenciosa de que nunca \u00e9 o bastante. Mas a psicologia [&hellip;]<\/p>\n","protected":false},"author":1,"featured_media":48863,"comment_status":"open","ping_status":"open","sticky":false,"template":"","format":"standard","meta":{"ngg_post_thumbnail":0,"footnotes":""},"categories":[2,411,41],"tags":[],"class_list":["post-48859","post","type-post","status-publish","format-standard","has-post-thumbnail","hentry","category-destaques","category-psicologia-infanto-juvenil","category-ultimasnoticias"],"_links":{"self":[{"href":"https:\/\/somdepapo.com.br\/portal\/wp-json\/wp\/v2\/posts\/48859","targetHints":{"allow":["GET"]}}],"collection":[{"href":"https:\/\/somdepapo.com.br\/portal\/wp-json\/wp\/v2\/posts"}],"about":[{"href":"https:\/\/somdepapo.com.br\/portal\/wp-json\/wp\/v2\/types\/post"}],"author":[{"embeddable":true,"href":"https:\/\/somdepapo.com.br\/portal\/wp-json\/wp\/v2\/users\/1"}],"replies":[{"embeddable":true,"href":"https:\/\/somdepapo.com.br\/portal\/wp-json\/wp\/v2\/comments?post=48859"}],"version-history":[{"count":1,"href":"https:\/\/somdepapo.com.br\/portal\/wp-json\/wp\/v2\/posts\/48859\/revisions"}],"predecessor-version":[{"id":48864,"href":"https:\/\/somdepapo.com.br\/portal\/wp-json\/wp\/v2\/posts\/48859\/revisions\/48864"}],"wp:featuredmedia":[{"embeddable":true,"href":"https:\/\/somdepapo.com.br\/portal\/wp-json\/wp\/v2\/media\/48863"}],"wp:attachment":[{"href":"https:\/\/somdepapo.com.br\/portal\/wp-json\/wp\/v2\/media?parent=48859"}],"wp:term":[{"taxonomy":"category","embeddable":true,"href":"https:\/\/somdepapo.com.br\/portal\/wp-json\/wp\/v2\/categories?post=48859"},{"taxonomy":"post_tag","embeddable":true,"href":"https:\/\/somdepapo.com.br\/portal\/wp-json\/wp\/v2\/tags?post=48859"}],"curies":[{"name":"wp","href":"https:\/\/api.w.org\/{rel}","templated":true}]}}