{"id":48865,"date":"2026-05-03T09:51:47","date_gmt":"2026-05-03T12:51:47","guid":{"rendered":"https:\/\/somdepapo.com.br\/portal\/?p=48865"},"modified":"2026-05-03T09:54:36","modified_gmt":"2026-05-03T12:54:36","slug":"experiencia-artistica-com-o-multiartista-alvaro-neto","status":"publish","type":"post","link":"https:\/\/somdepapo.com.br\/portal\/experiencia-artistica-com-o-multiartista-alvaro-neto\/","title":{"rendered":"Experi\u00eancia Art\u00edstica com o Multiartista Alvaro Neto"},"content":{"rendered":"<p style=\"text-align: right;\">Por L\u00edvia Rosa&nbsp;<\/p>\n<p style=\"text-align: justify;\">O projeto Experi\u00eancia Art\u00edstica com o Multiartista Alvaro Neto est\u00e1 sob produ\u00e7\u00e3o de Aline Melo, que j\u00e1 atua no marketing deste projeto. O projeto ser\u00e1 realizado no Rio de Janeiro nos dias 5, 6 e 7 de junho de 2026 (sexta, s\u00e1bado e domingo).<\/p>\n<p><img fetchpriority=\"high\" decoding=\"async\" class=\"alignnone size-full wp-image-48869\" src=\"https:\/\/somdepapo.com.br\/portal\/wp-content\/uploads\/2026\/05\/IMG-20260502-WA0048.jpg\" alt=\"\" width=\"720\" height=\"1025\" srcset=\"https:\/\/somdepapo.com.br\/portal\/wp-content\/uploads\/2026\/05\/IMG-20260502-WA0048.jpg 720w, https:\/\/somdepapo.com.br\/portal\/wp-content\/uploads\/2026\/05\/IMG-20260502-WA0048-211x300.jpg 211w, https:\/\/somdepapo.com.br\/portal\/wp-content\/uploads\/2026\/05\/IMG-20260502-WA0048-150x214.jpg 150w\" sizes=\"(max-width: 720px) 100vw, 720px\" \/><\/p>\n<p style=\"text-align: justify;\">Aline Melo j\u00e1 trabalhou com o multiartista em outros projetos, inclusive com alcance internacional. Este ano, ao conhecer o projeto Experi\u00eancia Art\u00edstica, no qual Alvaro Neto ministrar\u00e1 aulas presenciais e online, o multiartista compartilhar\u00e1 suas t\u00e9cnicas pessoais e estudos nas \u00e1reas de arte, cultura, lazer, educa\u00e7\u00e3o e esportes. Alvaro atua nas Artes C\u00eanicas, Musicais, Pl\u00e1sticas e Visuais, al\u00e9m de possuir conhecimento em esportes, especificamente em lutas, sendo praticante de Boxe, Muay Thai e Kung-Fu.<\/p>\n<p style=\"text-align: justify;\">Alvaro possui conhecimento art\u00edstico desde cedo, vindo de uma fam\u00edlia com aptid\u00f5es art\u00edsticas. Como refer\u00eancia, destacam-se seu av\u00f4, sua m\u00e3e, primos e tios, que tamb\u00e9m tiveram experi\u00eancias na \u00e1rea.<\/p>\n<p style=\"text-align: justify;\">Local:<br \/>\nEst\u00fadio de TV Conieadi &#8211; Rio de Janeiro<br \/>\nEndere\u00e7o: Rua Jacarepagu\u00e1, 2021 &#8211; Rio de Janeiro \u2013 RJ<\/p>\n<p style=\"text-align: justify;\">Hor\u00e1rios:<br \/>\nMatutino: 8h \u00e0s 11h<br \/>\nVespertino: 14h \u00e0s 17h<\/p>\n<p style=\"text-align: justify;\">Todos os participantes receber\u00e3o um certificado de conclus\u00e3o, comprovando a participa\u00e7\u00e3o no projeto, com carga hor\u00e1ria total de 10 horas. O projeto ser\u00e1 fotografado pela equipe de produ\u00e7\u00e3o de Aline Melo, e poder\u00e1 haver cita\u00e7\u00e3o em materiais de divulga\u00e7\u00e3o futura. Aline Melo ainda est\u00e1 em processo de negocia\u00e7\u00e3o, por isso n\u00e3o podemos confirmar essa a\u00e7\u00e3o no momento.<\/p>\n<p style=\"text-align: justify;\">Caso os participantes concordem e tudo ocorra positivamente, haver\u00e1 uma apresenta\u00e7\u00e3o ao final do projeto, que poder\u00e1 ser de Teatro, Dan\u00e7a ou Circo. A confirma\u00e7\u00e3o ocorrer\u00e1 durante as aulas. Se realizada, a apresenta\u00e7\u00e3o ser\u00e1 filmada, editada e exibida online em algum festival sob responsabilidade de Aline Melo ou de seus parceiros. Vale destacar que Aline Melo desenvolve mais de um projeto por ano.<\/p>\n<p style=\"text-align: justify;\">Os participantes ter\u00e3o acesso ao conte\u00fado online e presencial, assessoria de imprensa durante os 3 dias e material de publicidade para portf\u00f3lio, tanto durante quanto ap\u00f3s o processo. Ressaltamos que n\u00e3o h\u00e1 promessas ou confirma\u00e7\u00f5es quanto a esse \u00faltimo item.<\/p>\n<p>UM POUCO MAIS SOBRE O PROJETO<br \/>\nExperi\u00eancia Art\u00edstica com Alvaro Neto<br \/>\nProdu\u00e7\u00e3o: Aline Melo<br \/>\nVenha participar de uma experi\u00eancia in\u00e9dita com o multiartista Alvaro Neto, de Bras\u00edlia \u2013 DF. O evento ocorrer\u00e1 nos dias 5, 6 e 7 de junho de 2026.<br \/>\nSexta-feira (05\/06\/2026): Primeiro dia<br \/>\nS\u00e1bado (06\/06\/2026): Segundo dia<br \/>\nDomingo (07\/06\/2026): Conclus\u00e3o<br \/>\nDETALHES<br \/>\nModalidade:<br \/>\nAulas presenciais e online<br \/>\nLocal: Est\u00fadio de TV Conieadi \u2013 Rio de Janeiro<br \/>\nEndere\u00e7o: Rua Jacarepagu\u00e1, 2021 \u2013 Rio de Janeiro \u2013 RJ<br \/>\nHor\u00e1rios:<br \/>\nMatutino: 8h \u00e0s 11h<br \/>\nVespertino: 14h \u00e0s 17h<br \/>\nCERTIFICADO:<br \/>\nCertificado de conclus\u00e3o com carga hor\u00e1ria de 10 horas, entregue impresso no \u00faltimo dia. C\u00f3pia digital enviada por e-mail.<br \/>\nMATERIAL DE ESTUDO<br \/>\nEnviado via grupo no WhatsApp ap\u00f3s confirma\u00e7\u00e3o de pagamento.<br \/>\nPAGAMENTO Antecipado via Pix: produtoradefilmeslatinidade@gmail.com<br \/>\nEnviar comprovante para o WhatsApp: +55 21 99740-4366<br \/>\nBENEF\u00cdCIOS PARA OS PARTICIPANTES<br \/>\nAcesso ao conte\u00fado online Assessoria de imprensa durante os 3 dias Material de publicidade para portf\u00f3lio.<br \/>\nOBSERVA\u00c7\u00d5ES<br \/>\nO grupo do WhatsApp ser\u00e1 desativado 30 dias ap\u00f3s a conclus\u00e3o do curso. Durante esse per\u00edodo, os participantes ter\u00e3o acesso a conte\u00fados e materiais de publicidade do evento. &#8211; Ressaltamos que n\u00e3o h\u00e1 promessas ou confirma\u00e7\u00f5es quanto aos benef\u00edcios citados. A disponibiliza\u00e7\u00e3o depender\u00e1 da execu\u00e7\u00e3o do projeto.<br \/>\nINVESTIMENTO<br \/>\nAntecipado:<br \/>\nR$ 1.000,00 \u2013 com acesso imediato ao grupo do WhatsApp<br \/>\nNo dia do evento:<br \/>\nR$ 1.800,00 \u2013 com acesso ao grupo ap\u00f3s envio do comprovante<br \/>\nVAGAS LIMITADAS<br \/>\nReserva j\u00e1 a sua vaga! Capacidade m\u00e1xima: 50 pessoas.<br \/>\nINFORMA\u00c7\u00d5ES:<br \/>\nTelefone\/WhatsApp da produ\u00e7\u00e3o: +55 21 99740-4366<br \/>\nMais detalhes:<br \/>\nLink do evento no Facebook:<br \/>\nhttps:\/\/www.facebook.com\/events\/852189537836185\/?post_id=858053397249799&#038;view=permalink<br \/>\nRefer\u00eancias bibliogr\u00e1ficas:<br \/>\nlaluche. Site. Dispon\u00edvel https:\/\/laluche.com.br\/aline-melo-trara-experiencia-artistica-em-2026\/;. Acesso em: 27 Abr 2026.<br \/>\n________________Dispon\u00edvel em https:\/\/www.magazineeacao.com.br\/experiencia-artistica-com-alvaro-neto-producao-aline-melovenha-participar-de-uma-experiencia-inedita-com-o-multiartista-alvaro-neto-da-cidade-de-brasilia-df-o-evento-ocorrera-nos-seguintes-dias\/ Acesso em: 27 Abr 2026.<br \/>\nRedes Sociais:<br \/>\nhttps:\/\/www.facebook.com\/aline.melo.503645<\/p>\n<p>#ALINEMELO #PRODUTORALATINIDADE #ALVARONETO<\/p>\n","protected":false},"excerpt":{"rendered":"<p>Por L\u00edvia Rosa&nbsp; O projeto Experi\u00eancia Art\u00edstica com o Multiartista Alvaro Neto est\u00e1 sob produ\u00e7\u00e3o de Aline Melo, que j\u00e1 atua no marketing deste projeto. O projeto ser\u00e1 realizado no Rio de Janeiro nos dias 5, 6 e 7 de junho de 2026 (sexta, s\u00e1bado e domingo). Aline Melo j\u00e1 trabalhou com o multiartista em [&hellip;]<\/p>\n","protected":false},"author":1,"featured_media":48867,"comment_status":"open","ping_status":"open","sticky":false,"template":"","format":"standard","meta":{"ngg_post_thumbnail":0,"footnotes":""},"categories":[135,2,41],"tags":[],"class_list":["post-48865","post","type-post","status-publish","format-standard","has-post-thumbnail","hentry","category-cultura","category-destaques","category-ultimasnoticias"],"_links":{"self":[{"href":"https:\/\/somdepapo.com.br\/portal\/wp-json\/wp\/v2\/posts\/48865","targetHints":{"allow":["GET"]}}],"collection":[{"href":"https:\/\/somdepapo.com.br\/portal\/wp-json\/wp\/v2\/posts"}],"about":[{"href":"https:\/\/somdepapo.com.br\/portal\/wp-json\/wp\/v2\/types\/post"}],"author":[{"embeddable":true,"href":"https:\/\/somdepapo.com.br\/portal\/wp-json\/wp\/v2\/users\/1"}],"replies":[{"embeddable":true,"href":"https:\/\/somdepapo.com.br\/portal\/wp-json\/wp\/v2\/comments?post=48865"}],"version-history":[{"count":3,"href":"https:\/\/somdepapo.com.br\/portal\/wp-json\/wp\/v2\/posts\/48865\/revisions"}],"predecessor-version":[{"id":48870,"href":"https:\/\/somdepapo.com.br\/portal\/wp-json\/wp\/v2\/posts\/48865\/revisions\/48870"}],"wp:featuredmedia":[{"embeddable":true,"href":"https:\/\/somdepapo.com.br\/portal\/wp-json\/wp\/v2\/media\/48867"}],"wp:attachment":[{"href":"https:\/\/somdepapo.com.br\/portal\/wp-json\/wp\/v2\/media?parent=48865"}],"wp:term":[{"taxonomy":"category","embeddable":true,"href":"https:\/\/somdepapo.com.br\/portal\/wp-json\/wp\/v2\/categories?post=48865"},{"taxonomy":"post_tag","embeddable":true,"href":"https:\/\/somdepapo.com.br\/portal\/wp-json\/wp\/v2\/tags?post=48865"}],"curies":[{"name":"wp","href":"https:\/\/api.w.org\/{rel}","templated":true}]}}