{"id":49098,"date":"2026-05-10T05:36:44","date_gmt":"2026-05-10T08:36:44","guid":{"rendered":"https:\/\/somdepapo.com.br\/portal\/?p=49098"},"modified":"2026-05-09T14:42:26","modified_gmt":"2026-05-09T17:42:26","slug":"belchior-tributo-aos-80-anos-pela-primeira-vez-no-recife-viver-e-melhor-que-sonhar","status":"publish","type":"post","link":"https:\/\/somdepapo.com.br\/portal\/belchior-tributo-aos-80-anos-pela-primeira-vez-no-recife-viver-e-melhor-que-sonhar\/","title":{"rendered":"Belchior: Tributo aos 80 anos pela primeira vez no Recife: &#8220;Viver \u00e9 melhor que sonhar&#8221;"},"content":{"rendered":"<p style=\"text-align: right;\">Por Rony Cysney<\/p>\n<p style=\"text-align: right;\">&nbsp; &nbsp; &nbsp;@ronycysney<\/p>\n<p style=\"text-align: justify;\">&nbsp;<\/p>\n<p style=\"text-align: justify;\">Apresenta\u00e7\u00e3o Conceitual do Espet\u00e1culo* \u201cUma Celebra\u00e7\u00e3o a Belchior \u00e9 um espet\u00e1culo musical que presta homenagem \u00e0 obra e \u00e0 trajet\u00f3ria de Belchior, por meio de uma releitura respeitosa, sens\u00edvel e profundamente conectada \u00e0 sua ess\u00eancia po\u00e9tica e sonora. Idealizado e interpretado por Andr\u00e9 Abreu, o projeto prop\u00f5e uma experi\u00eancia imersiva, em que m\u00fasica, palavra, est\u00e9tica e mem\u00f3ria se encontram para reverenciar as ideias que Belchior lan\u00e7ou ao mundo. O espet\u00e1culo aconteceu neste s\u00e1bado (09\/05) e super lotou o teatro Guararapes no Centro de Conven\u00e7\u00f5es de Pernambuco.&nbsp;<\/p>\n<p><img fetchpriority=\"high\" decoding=\"async\" class=\"alignnone size-full wp-image-49099\" src=\"https:\/\/somdepapo.com.br\/portal\/wp-content\/uploads\/2026\/05\/BELCHIOR.FOTO-01.jpg\" alt=\"\" width=\"364\" height=\"243\" srcset=\"https:\/\/somdepapo.com.br\/portal\/wp-content\/uploads\/2026\/05\/BELCHIOR.FOTO-01.jpg 364w, https:\/\/somdepapo.com.br\/portal\/wp-content\/uploads\/2026\/05\/BELCHIOR.FOTO-01-300x200.jpg 300w, https:\/\/somdepapo.com.br\/portal\/wp-content\/uploads\/2026\/05\/BELCHIOR.FOTO-01-150x100.jpg 150w\" sizes=\"(max-width: 364px) 100vw, 364px\" \/><\/p>\n<p style=\"text-align: justify;\">O show foi dividido em blocos tem\u00e1ticos que percorreram, com sensibilidade e for\u00e7a po\u00e9tica, diferentes fases da obra e da trajet\u00f3ria de Belchior.<\/p>\n<p style=\"text-align: justify;\">Bloco 1 \u2014 Jovem Belchior: Abriu com o esp\u00edrito inquieto e introspectivo do in\u00edcio da carreira, inspirado no \u00e1lbum de estreia de 1974. A trilha \u201cM\u00e1quina 1\u201d , entrela\u00e7ada a falas originais do artista, prepara a chegada ao palco do tempo.&nbsp;<\/p>\n<p style=\"text-align: justify;\">Bloco 2 \u2014 O Poeta Vision\u00e1rio: Baseado no ic\u00f4nico disco Alucina\u00e7\u00e3o (1976), esse bloco mergulhou no olhar cr\u00edtico, filos\u00f3fico e ir\u00f4nico de Belchior. Faixas como Velha Roupa Colorida, Apenas Um Rapaz Latino-Americano e Alucina\u00e7\u00e3o comp\u00f5em uma narrativa de ruptura e lucidez.&nbsp;<\/p>\n<p style=\"text-align: justify;\">Bloco 3 \u2014 O Sentimental: aqui emergiu o Belchior das paix\u00f5es, do lirismo urbano e da dor amorosa. Inspirado no \u00e1lbum Cora\u00e7\u00e3o Selvagem, can\u00e7\u00f5es como Paralelas, Todo Sujo de Batom e Galos, Noites e Quintais evocam emo\u00e7\u00e3o contida, mem\u00f3ria afetiva e beleza melanc\u00f3lica.<\/p>\n<p style=\"text-align: justify;\">Bloco 4 \u2014 Outras Can\u00e7\u00f5es: Encerramos com um voo livre por outras obras marcantes da discografia de Belchior. O bloco se abriu com um \u00e1udio do pr\u00f3prio artista se apresentando, seguido por Pequeno Mapa do Tempo, Clamor no Deserto e Medo de Avi\u00e3o.&nbsp;<\/p>\n<p><img decoding=\"async\" class=\"alignnone size-full wp-image-49100\" src=\"https:\/\/somdepapo.com.br\/portal\/wp-content\/uploads\/2026\/05\/BELCHIOR.FOTO-02.jpg\" alt=\"\" width=\"395\" height=\"240\" srcset=\"https:\/\/somdepapo.com.br\/portal\/wp-content\/uploads\/2026\/05\/BELCHIOR.FOTO-02.jpg 395w, https:\/\/somdepapo.com.br\/portal\/wp-content\/uploads\/2026\/05\/BELCHIOR.FOTO-02-300x182.jpg 300w, https:\/\/somdepapo.com.br\/portal\/wp-content\/uploads\/2026\/05\/BELCHIOR.FOTO-02-150x91.jpg 150w\" sizes=\"(max-width: 395px) 100vw, 395px\" \/><\/p>\n<p style=\"text-align: justify;\">Ant\u00f4nio Carlos Gomes Belchior Fontenelle Fernandes, conhecido como Belchior, foi um cantor, compositor, poeta e artista pl\u00e1stico cearense, um dos principais nomes da MPB. Surgiu com o &#8220;Pessoal do Cear\u00e1&#8221; e alcan\u00e7ou proje\u00e7\u00e3o nacional com o \u00e1lbum Alucina\u00e7\u00e3o (1976), marco da m\u00fasica brasileira. Criador de cl\u00e1ssicos como Como Nossos Pais, Apenas um Rapaz Latino-Americano e Velha Roupa Colorida, deixou uma obra marcada por lirismo, cr\u00edtica social e influ\u00eancia duradoura. Nasceu em 26\/10\/1946 em Sobral, Cear\u00e1 e faleceu em 30\/04\/2017, no Rio grande do Sul.<\/p>\n<p style=\"text-align: justify;\">Fonte de pesquisa e das fotos: @estandarte.eventos \/ bing.com<\/p>\n<p style=\"text-align: justify;\">Rony Cysney \u2013 Formado em Administra\u00e7\u00e3o de Empresas com MBA em Gest\u00e3o de Pessoas, Rony Cysney \u00e9 Professor, Administrador, Comunicador, Apresentador, Editor, Compositor, Poeta e Escritor. Atualmente, \u00e9 Produtor e editor dos Programas \u201cConversando Abobrinha\u201d, \u201cPod ou N\u00e3o\u201d e \u201cNa Roda Gigante com Rony Cysney\u201d, todos na REDE SDP TV (Streaming). Est\u00e1 compondo m\u00fasicas e escrevendo poesias. Tamb\u00e9m est\u00e1 executando o projeto \u201cConversando Abobrinha\u201d, aprovado em junho deste ano, pela Secretaria de Cultura de Olinda-PE, atrav\u00e9s da Pol\u00edtica Nacional Aldyr Blanc de incentivo \u00e0 cultura.<\/p>\n<p style=\"text-align: justify;\">&nbsp;<\/p>\n","protected":false},"excerpt":{"rendered":"<p>Por Rony Cysney &nbsp; &nbsp; &nbsp;@ronycysney &nbsp; Apresenta\u00e7\u00e3o Conceitual do Espet\u00e1culo* \u201cUma Celebra\u00e7\u00e3o a Belchior \u00e9 um espet\u00e1culo musical que presta homenagem \u00e0 obra e \u00e0 trajet\u00f3ria de Belchior, por meio de uma releitura respeitosa, sens\u00edvel e profundamente conectada \u00e0 sua ess\u00eancia po\u00e9tica e sonora. Idealizado e interpretado por Andr\u00e9 Abreu, o projeto prop\u00f5e uma [&hellip;]<\/p>\n","protected":false},"author":1,"featured_media":49101,"comment_status":"open","ping_status":"open","sticky":false,"template":"","format":"standard","meta":{"ngg_post_thumbnail":0,"footnotes":""},"categories":[2,138,41],"tags":[],"class_list":["post-49098","post","type-post","status-publish","format-standard","has-post-thumbnail","hentry","category-destaques","category-personalidades","category-ultimasnoticias"],"_links":{"self":[{"href":"https:\/\/somdepapo.com.br\/portal\/wp-json\/wp\/v2\/posts\/49098","targetHints":{"allow":["GET"]}}],"collection":[{"href":"https:\/\/somdepapo.com.br\/portal\/wp-json\/wp\/v2\/posts"}],"about":[{"href":"https:\/\/somdepapo.com.br\/portal\/wp-json\/wp\/v2\/types\/post"}],"author":[{"embeddable":true,"href":"https:\/\/somdepapo.com.br\/portal\/wp-json\/wp\/v2\/users\/1"}],"replies":[{"embeddable":true,"href":"https:\/\/somdepapo.com.br\/portal\/wp-json\/wp\/v2\/comments?post=49098"}],"version-history":[{"count":1,"href":"https:\/\/somdepapo.com.br\/portal\/wp-json\/wp\/v2\/posts\/49098\/revisions"}],"predecessor-version":[{"id":49102,"href":"https:\/\/somdepapo.com.br\/portal\/wp-json\/wp\/v2\/posts\/49098\/revisions\/49102"}],"wp:featuredmedia":[{"embeddable":true,"href":"https:\/\/somdepapo.com.br\/portal\/wp-json\/wp\/v2\/media\/49101"}],"wp:attachment":[{"href":"https:\/\/somdepapo.com.br\/portal\/wp-json\/wp\/v2\/media?parent=49098"}],"wp:term":[{"taxonomy":"category","embeddable":true,"href":"https:\/\/somdepapo.com.br\/portal\/wp-json\/wp\/v2\/categories?post=49098"},{"taxonomy":"post_tag","embeddable":true,"href":"https:\/\/somdepapo.com.br\/portal\/wp-json\/wp\/v2\/tags?post=49098"}],"curies":[{"name":"wp","href":"https:\/\/api.w.org\/{rel}","templated":true}]}}