{"id":51483,"date":"2026-07-31T13:53:04","date_gmt":"2026-07-31T16:53:04","guid":{"rendered":"https:\/\/somdepapo.com.br\/portal\/?p=51483"},"modified":"2026-07-31T13:53:04","modified_gmt":"2026-07-31T16:53:04","slug":"epitafio","status":"publish","type":"post","link":"https:\/\/somdepapo.com.br\/portal\/epitafio\/","title":{"rendered":"Epit\u00e1fio"},"content":{"rendered":"<p style=\"text-align: right;\">*Por Poetisa Thaisy Moraes<\/p>\n<p style=\"text-align: right;\">&nbsp; &nbsp; &nbsp; &nbsp; &nbsp; &nbsp; &nbsp; &nbsp; &nbsp; &nbsp; &nbsp; &nbsp; &nbsp; &nbsp; &nbsp; &nbsp; &nbsp; &nbsp; &nbsp; &nbsp; &nbsp; &nbsp; thaisymoraespoetisa<\/p>\n<p style=\"text-align: justify;\">&nbsp;<\/p>\n<p style=\"text-align: justify;\">Vida: o despertar de um ser.<\/p>\n<p style=\"text-align: justify;\">&nbsp;<\/p>\n<p style=\"text-align: justify;\">Sublimes passos, vez ou outra, na dire\u00e7\u00e3o errada.<\/p>\n<p style=\"text-align: justify;\">Segue a caminhada cumprindo, quem sabe, um dever.<\/p>\n<p style=\"text-align: justify;\">&nbsp;<\/p>\n<p style=\"text-align: justify;\">Os passos carimbados em seu trajeto, sua estrada.&nbsp;<\/p>\n<p style=\"text-align: justify;\">Por\u00e9m, sem que saiba, de repente,&nbsp;<\/p>\n<p style=\"text-align: justify;\">A miss\u00e3o \u00e9 abortada.&nbsp;<\/p>\n<p style=\"text-align: justify;\">&nbsp;<\/p>\n<p style=\"text-align: justify;\">Eis as falhas, que acompanham uma vida.<\/p>\n<p style=\"text-align: justify;\">&nbsp;<\/p>\n<p style=\"text-align: justify;\">Eis a hist\u00f3ria, que carrega a trajet\u00f3ria.<\/p>\n<p style=\"text-align: justify;\">&nbsp;<\/p>\n<p style=\"text-align: justify;\">Eis a morte, que desfaz qualquer jornada.<\/p>\n<p style=\"text-align: justify;\">&nbsp;<\/p>\n<p style=\"text-align: justify;\">&nbsp; &nbsp; &nbsp; &nbsp; &nbsp; &nbsp; &nbsp; &nbsp; &nbsp; &nbsp;Poesia alimenta a alma e melhora o dia! Ent\u00e3o, aguardo voc\u00ea na segunda-feira! \ud83d\ude09<\/p>\n<p style=\"text-align: justify;\">&nbsp;<\/p>\n<p style=\"text-align: justify;\">&nbsp; &nbsp; &nbsp; &nbsp; &nbsp; *Thaisy Moraes \u00e9 servidora p\u00fablica municipal respons\u00e1vel pelo setor de Patrim\u00f4nio do Munic\u00edpio de S\u00e3o Carlos\/SC, biom\u00e9dica formada pela Universidade Federal do Piau\u00ed (UFPI), escritora e poetisa h\u00e1 treze anos: \u201cEscrevo h\u00e1 treze anos sobre tristezas e alegrias, e belezas e feiuras, t\u00e3o presentes em nossa condi\u00e7\u00e3o humana.\u201d&nbsp;<\/p>\n<p style=\"text-align: justify;\">&nbsp;&nbsp;<\/p>\n<p style=\"text-align: justify;\">&nbsp; ** Este material possui imagem ilustrativa feita por Intelig\u00eancia Artificial.<\/p>\n<p style=\"text-align: justify;\">&nbsp;<\/p>\n<p style=\"text-align: justify;\">&nbsp;<\/p>\n","protected":false},"excerpt":{"rendered":"<p>*Por Poetisa Thaisy Moraes &nbsp; &nbsp; &nbsp; &nbsp; &nbsp; &nbsp; &nbsp; &nbsp; &nbsp; &nbsp; &nbsp; &nbsp; &nbsp; &nbsp; &nbsp; &nbsp; &nbsp; &nbsp; &nbsp; &nbsp; &nbsp; &nbsp; thaisymoraespoetisa &nbsp; Vida: o despertar de um ser. &nbsp; Sublimes passos, vez ou outra, na dire\u00e7\u00e3o errada. Segue a caminhada cumprindo, quem sabe, um dever. &nbsp; Os passos carimbados [&hellip;]<\/p>\n","protected":false},"author":1,"featured_media":51484,"comment_status":"open","ping_status":"open","sticky":false,"template":"","format":"standard","meta":{"ngg_post_thumbnail":0,"footnotes":""},"categories":[2,224,41],"tags":[],"class_list":["post-51483","post","type-post","status-publish","format-standard","has-post-thumbnail","hentry","category-destaques","category-poemas-reflexoes","category-ultimasnoticias"],"_links":{"self":[{"href":"https:\/\/somdepapo.com.br\/portal\/wp-json\/wp\/v2\/posts\/51483","targetHints":{"allow":["GET"]}}],"collection":[{"href":"https:\/\/somdepapo.com.br\/portal\/wp-json\/wp\/v2\/posts"}],"about":[{"href":"https:\/\/somdepapo.com.br\/portal\/wp-json\/wp\/v2\/types\/post"}],"author":[{"embeddable":true,"href":"https:\/\/somdepapo.com.br\/portal\/wp-json\/wp\/v2\/users\/1"}],"replies":[{"embeddable":true,"href":"https:\/\/somdepapo.com.br\/portal\/wp-json\/wp\/v2\/comments?post=51483"}],"version-history":[{"count":1,"href":"https:\/\/somdepapo.com.br\/portal\/wp-json\/wp\/v2\/posts\/51483\/revisions"}],"predecessor-version":[{"id":51485,"href":"https:\/\/somdepapo.com.br\/portal\/wp-json\/wp\/v2\/posts\/51483\/revisions\/51485"}],"wp:featuredmedia":[{"embeddable":true,"href":"https:\/\/somdepapo.com.br\/portal\/wp-json\/wp\/v2\/media\/51484"}],"wp:attachment":[{"href":"https:\/\/somdepapo.com.br\/portal\/wp-json\/wp\/v2\/media?parent=51483"}],"wp:term":[{"taxonomy":"category","embeddable":true,"href":"https:\/\/somdepapo.com.br\/portal\/wp-json\/wp\/v2\/categories?post=51483"},{"taxonomy":"post_tag","embeddable":true,"href":"https:\/\/somdepapo.com.br\/portal\/wp-json\/wp\/v2\/tags?post=51483"}],"curies":[{"name":"wp","href":"https:\/\/api.w.org\/{rel}","templated":true}]}}