{"id":51497,"date":"2026-08-01T08:10:40","date_gmt":"2026-08-01T11:10:40","guid":{"rendered":"https:\/\/somdepapo.com.br\/portal\/?p=51497"},"modified":"2026-08-01T08:10:40","modified_gmt":"2026-08-01T11:10:40","slug":"pagamentos-do-inss-em-atraso-vale-a-pena-pagar","status":"publish","type":"post","link":"https:\/\/somdepapo.com.br\/portal\/pagamentos-do-inss-em-atraso-vale-a-pena-pagar\/","title":{"rendered":"Pagamentos do INSS em atraso. Vale a pena pagar?"},"content":{"rendered":"<p style=\"text-align: right;\">&nbsp; Por Gilanio Calixto.<\/p>\n<p style=\"text-align: justify;\">&nbsp;<\/p>\n<p style=\"text-align: justify;\">&nbsp;Fala meus amigos e amigas muita satisfa\u00e7\u00e3o em encontrar mais uma vez todos voc\u00eas em mais um s\u00e1bado, vamos abordar um assunto que muitas pessoas tem d\u00favidas. Assim sendo convido voc\u00eas por cerca de dois minutos a ler o artigo de hoje.<\/p>\n<p style=\"text-align: justify;\">&nbsp;<\/p>\n<p style=\"text-align: justify;\">&nbsp; O INSS em atraso corresponde \u00e0s contribui\u00e7\u00f5es previdenci\u00e1rias que deveriam ter sido pagas pelo segurado dentro do prazo, por\u00e9m n\u00e3o foram realizadas. Em regra, a contribui\u00e7\u00e3o mensal deve ser paga at\u00e9 o dia 15 do m\u00eas seguinte ao da compet\u00eancia, ou seja, mar\u00e7o paga em abril, abril paga em maio e assim sucessivamente, por exemplo: a contribui\u00e7\u00e3o referente ao trabalho realizado em fevereiro normalmente tem o vencimento at\u00e9 o dia 15 de mar\u00e7o. Se n\u00e3o houver pagamento no prazo, ela passa a ser considerada em atraso e pode sofrer incid\u00eancia de acr\u00e9scimos legais.<\/p>\n<p style=\"text-align: justify;\">&nbsp;Geralmente esses casos acontecem para os segurados facultativos, autonomos, profissionais liberais, diaristas, motoristas de aplicativos entre outros.<\/p>\n<p style=\"text-align: justify;\">&nbsp;Mas, na verdade qualquer contribuinte pode pagar em atraso? Existem exce\u00e7\u00f5es?<\/p>\n<p style=\"text-align: justify;\">&nbsp;A resposta \u00e9: DEPENDE! Depender\u00e1 da categoria do segurado e tamb\u00e9m do tempo do atraso, ou seja, os contribuintes individuais \u2013 autonomos e profissionais liberais que s\u00e3o aqueles que trabalham por conta propria, em regra esses tipos de segurados podem realizar os pagamentos em atraso &#8211; de at\u00e9 cincos anos se j\u00e1 estava inscritos com CNPJ antes do periodo em atraso.<\/p>\n<p style=\"text-align: justify;\">&nbsp;Para um periodo al\u00e9m dos cincos anos o contribuinte precisar\u00e1 provar que houve atividades remuneradas naquele periodo em que deseja. J\u00e1 para os contribuintes facultativos que s\u00e3o aqueles que n\u00e3o exercem nenhuma atividade remunerada, tais como: estudantes, dona de casa, desempregados, para estes as regras s\u00e3o mais restritivas, geralmente s\u00f3 podem pagar as presta\u00e7\u00f5es em atraso somente dentro do periodo de gra\u00e7a, que equivale a seis meses ap\u00f3s a ultima contribi\u00e7\u00e3o paga at\u00e9 o vencimento.<\/p>\n<p style=\"text-align: justify;\">&nbsp;J\u00e1 para os MEI`S \u2013 Microempreendedores Individuais que pagam j\u00e1 inclusos o INSS no boleto do DAS, o MEI deve verificar dentro do sistema do Portal do Simples Nacional ou nos canais de atendimento ao MEI para poder gerar as guias atualizadas do DAS para os devidos pagamentos posteriores.<\/p>\n<p style=\"text-align: justify;\">&nbsp;Mas quando vale a pena pagar?<\/p>\n<p style=\"text-align: justify;\">&nbsp;Pagar INSS em atraso pode valer a pena quando a regulariza\u00e7\u00e3o gera um ganho previdenci\u00e1rio concreto para aquele tipo de contribuinte, como por exemplo: Para completar o tempo necess\u00e1rio em uma regra de aposentadoria; para melhorar o valor da aposentadoria ou at\u00e9 mesmo para corrigir periodos de uma atividade remunerada comprovada.<\/p>\n<p style=\"text-align: justify;\">&nbsp;<\/p>\n<p style=\"text-align: justify;\">&nbsp;<\/p>\n<p style=\"text-align: justify;\">&nbsp;Gostou da abordagem?<\/p>\n<p style=\"text-align: justify;\">Fonte do texto: Propria Autoria&nbsp;<\/p>\n<p style=\"text-align: justify;\">Imagem Internet \u2013 CBN&nbsp;<\/p>\n<p style=\"text-align: justify;\">&nbsp;<\/p>\n<p style=\"text-align: justify;\">&nbsp;<\/p>\n<p style=\"text-align: justify;\">Quer saber mais sobre estes assuntos e outros? Me segue nas redes sociais e l\u00e1 ter\u00e1s mais dicas e informa\u00e7\u00f5es. @gilaniocalixtoadv; @mcrereser.<\/p>\n<p style=\"text-align: justify;\">&nbsp;<\/p>\n<p style=\"text-align: justify;\">Gilanio Calixto Velez<\/p>\n<p style=\"text-align: justify;\">Advogado e Professor<\/p>\n<p style=\"text-align: justify;\">&nbsp;<\/p>\n<p style=\"text-align: justify;\">Advogado especialista em Direito Previdenci\u00e1rio e em Direito de Familia<\/p>\n<p style=\"text-align: justify;\">Professor Universit\u00e1rio em Direitos Humanos e Educa\u00e7\u00e3o Emocional<\/p>\n<p style=\"text-align: justify;\">Palestrante Motivacional e de Carreira Profissional e Autor de Livros<\/p>\n<p style=\"text-align: justify;\">Fundador do Instituto de Desenvolvimento Humano &#8211; Crer &amp; Ser \u2013 Metodologia e Projeto de Vida &#8211; Campina Grande \u2013 PB e Queimadas \u2013 PB<\/p>\n<p style=\"text-align: justify;\">Perfil no Instagram: @gilaniocalixtoadv; @mcrereser<\/p>\n<p style=\"text-align: justify;\">Email: gcalixtoadvocacia@gmail.com ; fone: (83).9.9866.3639.<\/p>\n<p style=\"text-align: justify;\">&nbsp;<\/p>\n","protected":false},"excerpt":{"rendered":"<p>&nbsp; Por Gilanio Calixto. &nbsp; &nbsp;Fala meus amigos e amigas muita satisfa\u00e7\u00e3o em encontrar mais uma vez todos voc\u00eas em mais um s\u00e1bado, vamos abordar um assunto que muitas pessoas tem d\u00favidas. Assim sendo convido voc\u00eas por cerca de dois minutos a ler o artigo de hoje. &nbsp; &nbsp; O INSS em atraso corresponde \u00e0s [&hellip;]<\/p>\n","protected":false},"author":1,"featured_media":51498,"comment_status":"open","ping_status":"open","sticky":false,"template":"","format":"standard","meta":{"ngg_post_thumbnail":0,"footnotes":""},"categories":[225,2,41],"tags":[],"class_list":["post-51497","post","type-post","status-publish","format-standard","has-post-thumbnail","hentry","category-cidadania","category-destaques","category-ultimasnoticias"],"_links":{"self":[{"href":"https:\/\/somdepapo.com.br\/portal\/wp-json\/wp\/v2\/posts\/51497","targetHints":{"allow":["GET"]}}],"collection":[{"href":"https:\/\/somdepapo.com.br\/portal\/wp-json\/wp\/v2\/posts"}],"about":[{"href":"https:\/\/somdepapo.com.br\/portal\/wp-json\/wp\/v2\/types\/post"}],"author":[{"embeddable":true,"href":"https:\/\/somdepapo.com.br\/portal\/wp-json\/wp\/v2\/users\/1"}],"replies":[{"embeddable":true,"href":"https:\/\/somdepapo.com.br\/portal\/wp-json\/wp\/v2\/comments?post=51497"}],"version-history":[{"count":1,"href":"https:\/\/somdepapo.com.br\/portal\/wp-json\/wp\/v2\/posts\/51497\/revisions"}],"predecessor-version":[{"id":51499,"href":"https:\/\/somdepapo.com.br\/portal\/wp-json\/wp\/v2\/posts\/51497\/revisions\/51499"}],"wp:featuredmedia":[{"embeddable":true,"href":"https:\/\/somdepapo.com.br\/portal\/wp-json\/wp\/v2\/media\/51498"}],"wp:attachment":[{"href":"https:\/\/somdepapo.com.br\/portal\/wp-json\/wp\/v2\/media?parent=51497"}],"wp:term":[{"taxonomy":"category","embeddable":true,"href":"https:\/\/somdepapo.com.br\/portal\/wp-json\/wp\/v2\/categories?post=51497"},{"taxonomy":"post_tag","embeddable":true,"href":"https:\/\/somdepapo.com.br\/portal\/wp-json\/wp\/v2\/tags?post=51497"}],"curies":[{"name":"wp","href":"https:\/\/api.w.org\/{rel}","templated":true}]}}