{"id":51580,"date":"2026-08-05T08:23:47","date_gmt":"2026-08-05T11:23:47","guid":{"rendered":"https:\/\/somdepapo.com.br\/portal\/?p=51580"},"modified":"2026-08-05T08:26:33","modified_gmt":"2026-08-05T11:26:33","slug":"as-guardias-invisiveis-das-nossas-florestas","status":"publish","type":"post","link":"https:\/\/somdepapo.com.br\/portal\/as-guardias-invisiveis-das-nossas-florestas\/","title":{"rendered":"As guardi\u00e3s invis\u00edveis das nossas florestas"},"content":{"rendered":"<p style=\"text-align: right;\">Por Andr\u00e9 Henrique&nbsp;<\/p>\n<p style=\"text-align: justify;\">&nbsp;<\/p>\n<p style=\"text-align: justify;\">Quando pensamos em abelhas, a primeira imagem que costuma vir \u00e0 mente \u00e9 a da abelha europeia (Apis mellifera). No entanto, o Brasil abriga um patrim\u00f4nio natural muito mais rico: s\u00e3o mais de 300 esp\u00e9cies de abelhas nativas sem ferr\u00e3o, conhecidas como melipon\u00edneos. Esses pequenos insetos desempenham um papel essencial na manuten\u00e7\u00e3o da biodiversidade, na produ\u00e7\u00e3o de alimentos e na conserva\u00e7\u00e3o dos ecossistemas brasileiros.&nbsp;<\/p>\n<p style=\"text-align: justify;\">A recente iniciativa de especialistas ind\u00edgenas em S\u00e3o Paulo para preservar essas esp\u00e9cies refor\u00e7a uma li\u00e7\u00e3o importante: proteger as abelhas nativas \u00e9 proteger as florestas, a agricultura e o futuro da pr\u00f3pria humanidade.<\/p>\n<p style=\"text-align: justify;\">Muito mais do que produtoras de mel<\/p>\n<p style=\"text-align: justify;\">Apesar de produzirem um mel bastante valorizado por seu sabor e propriedades, o maior servi\u00e7o prestado pelas abelhas sem ferr\u00e3o n\u00e3o est\u00e1 nos potes de mel.<\/p>\n<p style=\"text-align: justify;\">Sua principal contribui\u00e7\u00e3o \u00e9 a poliniza\u00e7\u00e3o.<\/p>\n<p style=\"text-align: justify;\">Ao visitarem flores em busca de n\u00e9ctar e p\u00f3len, essas abelhas transportam gr\u00e3os de p\u00f3len entre diferentes plantas, permitindo a fecunda\u00e7\u00e3o e a produ\u00e7\u00e3o de frutos, sementes e novas plantas.<\/p>\n<p style=\"text-align: justify;\">Grande parte da vegeta\u00e7\u00e3o nativa brasileira depende diretamente desse trabalho silencioso. Sem essas esp\u00e9cies, in\u00fameras \u00e1rvores deixariam de produzir sementes, comprometendo a regenera\u00e7\u00e3o natural das florestas. Essa estreita rela\u00e7\u00e3o entre plantas e polinizadores torna ambos dependentes um do outro para sobreviver.&nbsp;<\/p>\n<p style=\"text-align: justify;\">As verdadeiras engenheiras da biodiversidade<\/p>\n<p style=\"text-align: justify;\">As abelhas nativas sem ferr\u00e3o s\u00e3o consideradas esp\u00e9cies-chave para o equil\u00edbrio ambiental.<\/p>\n<p style=\"text-align: justify;\">Elas ajudam na reprodu\u00e7\u00e3o de centenas de esp\u00e9cies vegetais da Mata Atl\u00e2ntica, Cerrado, Amaz\u00f4nia, Caatinga, Pantanal e Pampa. Ao garantir a reprodu\u00e7\u00e3o das plantas, tamb\u00e9m sustentam cadeias alimentares inteiras, beneficiando aves, mam\u00edferos, r\u00e9pteis e in\u00fameros outros organismos que dependem de flores, frutos e sementes.<\/p>\n<p style=\"text-align: justify;\">Sem elas, a biodiversidade brasileira seria drasticamente reduzida.<\/p>\n<p style=\"text-align: justify;\">Agricultura tamb\u00e9m depende delas<\/p>\n<p style=\"text-align: justify;\">Muitas culturas agr\u00edcolas apresentam aumento significativo na produtividade quando contam com polinizadores naturais.<\/p>\n<p style=\"text-align: justify;\">Frutas, hortali\u00e7as, caf\u00e9, tomate, morango, ab\u00f3bora, piment\u00e3o, maracuj\u00e1 e diversas outras culturas obt\u00eam melhor forma\u00e7\u00e3o de frutos, maior produtividade e melhor qualidade gra\u00e7as ao trabalho das abelhas.<\/p>\n<p style=\"text-align: justify;\">Al\u00e9m disso, por serem esp\u00e9cies nativas, muitas delas s\u00e3o mais eficientes na poliniza\u00e7\u00e3o de plantas brasileiras do que esp\u00e9cies ex\u00f3ticas introduzidas no pa\u00eds. A meliponicultura, cria\u00e7\u00e3o racional dessas abelhas, tamb\u00e9m gera renda, fortalece a agricultura familiar e incentiva a conserva\u00e7\u00e3o ambiental.&nbsp;<\/p>\n<p style=\"text-align: justify;\">O conhecimento ind\u00edgena faz a diferen\u00e7a<\/p>\n<p style=\"text-align: justify;\">Muito antes da ci\u00eancia moderna estudar esses insetos, diversos povos ind\u00edgenas j\u00e1 conheciam profundamente as abelhas sem ferr\u00e3o.<\/p>\n<p style=\"text-align: justify;\">Eles identificavam esp\u00e9cies, compreendiam seus ciclos naturais, utilizavam seu mel para alimenta\u00e7\u00e3o e medicina tradicional e protegiam seus ninhos dentro das florestas.<\/p>\n<p style=\"text-align: justify;\">A uni\u00e3o entre conhecimento tradicional e pesquisa cient\u00edfica vem mostrando excelentes resultados na conserva\u00e7\u00e3o dessas esp\u00e9cies, fortalecendo programas de educa\u00e7\u00e3o ambiental e preserva\u00e7\u00e3o da biodiversidade.<\/p>\n<p style=\"text-align: justify;\">Essa parceria demonstra que proteger a natureza tamb\u00e9m significa valorizar os saberes acumulados por gera\u00e7\u00f5es.<\/p>\n<p style=\"text-align: justify;\">Conhe\u00e7a algumas esp\u00e9cies brasileiras<\/p>\n<p style=\"text-align: justify;\">O Brasil possui uma enorme diversidade de abelhas sem ferr\u00e3o. Entre as mais conhecidas est\u00e3o:<\/p>\n<p style=\"text-align: justify;\">Jata\u00ed (Tetragonisca angustula) \u2014 pequena, muito d\u00f3cil e bastante comum em \u00e1reas urbanas.&nbsp;<\/p>\n<p style=\"text-align: justify;\">Manda\u00e7aia (Melipona quadrifasciata) \u2014 excelente polinizadora e produtora de mel.&nbsp;<\/p>\n<p style=\"text-align: justify;\">Uru\u00e7u (Melipona scutellaris e outras esp\u00e9cies) \u2014 uma das maiores abelhas sem ferr\u00e3o do pa\u00eds.&nbsp;<\/p>\n<p style=\"text-align: justify;\">Mandaguari (Scaptotrigona depilis) \u2014 bastante ativa na poliniza\u00e7\u00e3o.&nbsp;<\/p>\n<p style=\"text-align: justify;\">Guaraipo (Melipona bicolor) \u2014 t\u00edpica da Mata Atl\u00e2ntica.&nbsp;<\/p>\n<p style=\"text-align: justify;\">Tubuna (Scaptotrigona bipunctata) \u2014 importante em projetos de conserva\u00e7\u00e3o.&nbsp;<\/p>\n<p style=\"text-align: justify;\">Bor\u00e1 (Tetragona clavipes) \u2014 bastante encontrada em \u00e1reas florestais.&nbsp;<\/p>\n<p style=\"text-align: justify;\">&nbsp;<\/p>\n<p style=\"text-align: justify;\">As principais amea\u00e7as<\/p>\n<p style=\"text-align: justify;\">Infelizmente, muitas esp\u00e9cies enfrentam s\u00e9rios riscos.<\/p>\n<p style=\"text-align: justify;\">&nbsp;<\/p>\n<p style=\"text-align: justify;\">Entre as principais amea\u00e7as est\u00e3o:<\/p>\n<p style=\"text-align: justify;\">desmatamento;&nbsp;<\/p>\n<p style=\"text-align: justify;\">fragmenta\u00e7\u00e3o das florestas;&nbsp;<\/p>\n<p style=\"text-align: justify;\">queimadas;&nbsp;<\/p>\n<p style=\"text-align: justify;\">uso indiscriminado de pesticidas;&nbsp;<\/p>\n<p style=\"text-align: justify;\">mudan\u00e7as clim\u00e1ticas;&nbsp;<\/p>\n<p style=\"text-align: justify;\">urbaniza\u00e7\u00e3o desordenada;&nbsp;<\/p>\n<p style=\"text-align: justify;\">retirada ilegal de col\u00f4nias.&nbsp;<\/p>\n<p style=\"text-align: justify;\">&nbsp;<\/p>\n<p style=\"text-align: justify;\">Reconhecendo essa import\u00e2ncia, o Brasil passou a exigir o resgate de col\u00f4nias de abelhas nativas sem ferr\u00e3o em \u00e1reas autorizadas para supress\u00e3o de vegeta\u00e7\u00e3o nativa, reduzindo parte dos impactos causados pelo desmatamento legal.&nbsp;<\/p>\n<p style=\"text-align: justify;\">&nbsp;<\/p>\n<p style=\"text-align: justify;\">Pequenas abelhas, enorme import\u00e2ncia<\/p>\n<p style=\"text-align: justify;\">Embora quase passem despercebidas, as abelhas nativas sem ferr\u00e3o sustentam parte da vida existente nos ecossistemas brasileiros.<\/p>\n<p style=\"text-align: justify;\">&nbsp;<\/p>\n<p style=\"text-align: justify;\">Sem elas, haveria menos \u00e1rvores, menos frutos, menos alimentos, menos biodiversidade e maior desequil\u00edbrio ambiental.<\/p>\n<p style=\"text-align: justify;\">&nbsp;<\/p>\n<p style=\"text-align: justify;\">Proteger essas esp\u00e9cies significa investir na conserva\u00e7\u00e3o das florestas, na seguran\u00e7a alimentar, na agricultura sustent\u00e1vel e na manuten\u00e7\u00e3o da extraordin\u00e1ria biodiversidade brasileira.<\/p>\n<p style=\"text-align: justify;\">&nbsp;<\/p>\n<p style=\"text-align: justify;\">A natureza j\u00e1 faz esse trabalho h\u00e1 milh\u00f5es de anos. Cabe a n\u00f3s garantir que essas pequenas guardi\u00e3s continuem voando pelas pr\u00f3ximas gera\u00e7\u00f5es.<\/p>\n<p style=\"text-align: justify;\">&nbsp;<\/p>\n<p style=\"text-align: justify;\">Se voc\u00ea deseja aprender mais sobre como iniciar na \u00e1rea ambiental e fazer a diferen\u00e7a no mercado de trabalho, confira o eBook &#8220;Como Iniciar sua Consultoria Ambiental&#8221; dispon\u00edvel na Hotmart. Com ele, voc\u00ea ter\u00e1 um guia pr\u00e1tico para iniciar nas carreiras ambientais.<\/p>\n<p style=\"text-align: justify;\">&nbsp;<\/p>\n<p style=\"text-align: justify;\">Andr\u00e9 Henrique de Rezende Almeida<\/p>\n<p style=\"text-align: justify;\">@BIOLOGOANDREHENRIQUE<\/p>\n<p style=\"text-align: justify;\">Bi\u00f3logo CRBio 02: 60.945<\/p>\n<p style=\"text-align: justify;\">Engenheiro Ambiental CREA: ES-055476\/D<\/p>\n<p style=\"text-align: justify;\">&nbsp;<\/p>\n<p style=\"text-align: justify;\">&nbsp;<\/p>\n","protected":false},"excerpt":{"rendered":"<p>Por Andr\u00e9 Henrique&nbsp; &nbsp; Quando pensamos em abelhas, a primeira imagem que costuma vir \u00e0 mente \u00e9 a da abelha europeia (Apis mellifera). No entanto, o Brasil abriga um patrim\u00f4nio natural muito mais rico: s\u00e3o mais de 300 esp\u00e9cies de abelhas nativas sem ferr\u00e3o, conhecidas como melipon\u00edneos. Esses pequenos insetos desempenham um papel essencial na [&hellip;]<\/p>\n","protected":false},"author":1,"featured_media":51585,"comment_status":"open","ping_status":"open","sticky":false,"template":"","format":"standard","meta":{"ngg_post_thumbnail":0,"footnotes":""},"categories":[2,345,41],"tags":[],"class_list":["post-51580","post","type-post","status-publish","format-standard","has-post-thumbnail","hentry","category-destaques","category-meio-ambiente","category-ultimasnoticias"],"_links":{"self":[{"href":"https:\/\/somdepapo.com.br\/portal\/wp-json\/wp\/v2\/posts\/51580","targetHints":{"allow":["GET"]}}],"collection":[{"href":"https:\/\/somdepapo.com.br\/portal\/wp-json\/wp\/v2\/posts"}],"about":[{"href":"https:\/\/somdepapo.com.br\/portal\/wp-json\/wp\/v2\/types\/post"}],"author":[{"embeddable":true,"href":"https:\/\/somdepapo.com.br\/portal\/wp-json\/wp\/v2\/users\/1"}],"replies":[{"embeddable":true,"href":"https:\/\/somdepapo.com.br\/portal\/wp-json\/wp\/v2\/comments?post=51580"}],"version-history":[{"count":1,"href":"https:\/\/somdepapo.com.br\/portal\/wp-json\/wp\/v2\/posts\/51580\/revisions"}],"predecessor-version":[{"id":51583,"href":"https:\/\/somdepapo.com.br\/portal\/wp-json\/wp\/v2\/posts\/51580\/revisions\/51583"}],"wp:featuredmedia":[{"embeddable":true,"href":"https:\/\/somdepapo.com.br\/portal\/wp-json\/wp\/v2\/media\/51585"}],"wp:attachment":[{"href":"https:\/\/somdepapo.com.br\/portal\/wp-json\/wp\/v2\/media?parent=51580"}],"wp:term":[{"taxonomy":"category","embeddable":true,"href":"https:\/\/somdepapo.com.br\/portal\/wp-json\/wp\/v2\/categories?post=51580"},{"taxonomy":"post_tag","embeddable":true,"href":"https:\/\/somdepapo.com.br\/portal\/wp-json\/wp\/v2\/tags?post=51580"}],"curies":[{"name":"wp","href":"https:\/\/api.w.org\/{rel}","templated":true}]}}