{"id":52154,"date":"2026-08-28T08:28:09","date_gmt":"2026-08-28T11:28:09","guid":{"rendered":"https:\/\/somdepapo.com.br\/portal\/?p=52154"},"modified":"2026-08-28T08:29:21","modified_gmt":"2026-08-28T11:29:21","slug":"uma-vida-sem-propositos-e-normal-ou-preocupante","status":"publish","type":"post","link":"https:\/\/somdepapo.com.br\/portal\/uma-vida-sem-propositos-e-normal-ou-preocupante\/","title":{"rendered":"Uma vida sem prop\u00f3sitos \u00e9 normal ou preocupante?"},"content":{"rendered":"<p style=\"text-align: right;\">Por Dora Paiva&nbsp;<\/p>\n<p style=\"text-align: right;\">@auxiliadorapaivaadv78@gmail.com<\/p>\n<p style=\"text-align: justify;\">&nbsp;<\/p>\n<p style=\"text-align: justify;\">&nbsp;<\/p>\n<p style=\"text-align: justify;\">A nossa conversa hoje, vai falar um pouco sobre um tema que vem sendo muito comentado nas redes sociais e em ambientes terap\u00eauticos. Estamos adentrando com muita seriedade na ess\u00eancia do que s\u00e3o os Prop\u00f3sitos e teceremos algumas opini\u00f5es sobre o mesmos. E como in\u00edcio da conversa, vamos conceituar o Prop\u00f3sito?<\/p>\n<p style=\"text-align: justify;\">Ele \u00e9 a capacidade que todos n\u00f3s possu\u00edmos internamente e que nos impulsiona para darmos dire\u00e7\u00e3o e sentido \u00e0 nossa vida. Ele funciona como uma esp\u00e9cie de b\u00fassola e roteiro interativo, para a nossa exist\u00eancia. E agora pensem comigo! UMA VIDA SEM PROP\u00d3SITOS \u00c9 NORMAL OU PREOCUPANTE? E \u00e9 sobre essa quest\u00e3o que iremos fazer algumas considera\u00e7\u00f5es importantes e preciosas, para todos n\u00f3s.<\/p>\n<p style=\"text-align: justify;\">UMA VIDA SEM PROP\u00d3SITOS, \u00e9 como velejar por um oceano, sem ter um destino. Essa frase, \u00e9 de um autor desconhecido, e reflete fielmente, na estrutura do nosso bate papo. A VIDA SEM PROP\u00d3SITOS, \u00e9 uma vida sem sentido, sem dire\u00e7\u00e3o e sem conquistas. Pois \u00e9 ele que nos incentiva a avan\u00e7ar e seguir em busca de novos horizontes. Ele nos guia para ficarmos atentos \u00e0s nossas escolhas e tamb\u00e9m aprender a valorar tudo que est\u00e1 gravitando ao nosso redor.&nbsp;<\/p>\n<p style=\"text-align: justify;\">O PROP\u00d3SITO \u00e9:<\/p>\n<p style=\"text-align: justify;\">1.Uma super condi\u00e7\u00e3o interna. \u00c9 agir de acordo com os valores internos e individuais, sempre com a devida consci\u00eancia e responsabilidade, sem se deixar ser influenciado por impulsos inconscientes ou impensados.&nbsp;<\/p>\n<p style=\"text-align: justify;\">2.Uma estrutura din\u00e2mica. Os talentos e as oportunidades s\u00e3o ativados normalmente, visando melhorar consideravelmente a vida das pessoas ou dos seus ambientes. Ou seja, esse dinamismo, essa busca revela um tra\u00e7o caracter\u00edstico muito importante.<\/p>\n<p style=\"text-align: justify;\">3.Uma condi\u00e7\u00e3o que n\u00e3o apresenta soberbia. Essa palavra n\u00e3o consta na ess\u00eancia dos PROP\u00d3SITOS, pois os referidos, v\u00e3o agir de acordo com a sua voluntariedade natural, promovendo dessa maneira, resultados altamente positivos, para todo um contexto preexistente.<\/p>\n<p style=\"text-align: justify;\">Ter PROP\u00d3SITOS, \u00e9 investir e perseverar naquilo que se deseja alcan\u00e7ar. Todos eles s\u00e3o subjetivos, pois v\u00e3o variar de pessoa a pessoa. O grande fil\u00f3sofo grego Arist\u00f3teles, certa ocasi\u00e3o externou que: \u201cA felicidade, \u00e9 o prop\u00f3sito supremo da vida humana\u201d. Por isso \u00e9 que enfatizamos: VIVER SEM PROP\u00d3SITOS \u00c9 PREOCUPANTE. Porque, sem ele ficaremos inertes, est\u00e1ticos e a vida perde o seu brilho e o a seu frenesi.<\/p>\n<p style=\"text-align: justify;\">Por tudo isso que abordamos nessa leitura, ficar\u00e1 em n\u00f3s uma grande interroga\u00e7\u00e3o, por de traz de uma grande pergunta: QUAL \u00c9 O MEU PROP\u00d3SITO DE VIDA? Pense nisso carinhosamente. Namast\u00ea!<\/p>\n<p style=\"text-align: justify;\">&nbsp;<\/p>\n<p style=\"text-align: justify;\">Texto:<\/p>\n<p style=\"text-align: justify;\">www.mundocoop.com.br<\/p>\n<p style=\"text-align: justify;\">www.scribd.com<\/p>\n<p style=\"text-align: justify;\">Imagem:www.pinterest.com.br<\/p>\n<p style=\"text-align: justify;\">&nbsp;<\/p>\n<p style=\"text-align: justify;\">&nbsp;Contato: #dorapaiva51<\/p>\n<p style=\"text-align: justify;\">(71)99130-0030)<\/p>\n<p style=\"text-align: justify;\">Atendimento presencial e virtual.<\/p>\n<p style=\"text-align: justify;\">&nbsp;<\/p>\n<p style=\"text-align: justify;\">&nbsp;<\/p>\n","protected":false},"excerpt":{"rendered":"<p>Por Dora Paiva&nbsp; @auxiliadorapaivaadv78@gmail.com &nbsp; &nbsp; A nossa conversa hoje, vai falar um pouco sobre um tema que vem sendo muito comentado nas redes sociais e em ambientes terap\u00eauticos. Estamos adentrando com muita seriedade na ess\u00eancia do que s\u00e3o os Prop\u00f3sitos e teceremos algumas opini\u00f5es sobre o mesmos. E como in\u00edcio da conversa, vamos conceituar [&hellip;]<\/p>\n","protected":false},"author":1,"featured_media":52156,"comment_status":"open","ping_status":"open","sticky":false,"template":"","format":"standard","meta":{"ngg_post_thumbnail":0,"footnotes":""},"categories":[2,36,41],"tags":[],"class_list":["post-52154","post","type-post","status-publish","format-standard","has-post-thumbnail","hentry","category-destaques","category-positividade","category-ultimasnoticias"],"_links":{"self":[{"href":"https:\/\/somdepapo.com.br\/portal\/wp-json\/wp\/v2\/posts\/52154","targetHints":{"allow":["GET"]}}],"collection":[{"href":"https:\/\/somdepapo.com.br\/portal\/wp-json\/wp\/v2\/posts"}],"about":[{"href":"https:\/\/somdepapo.com.br\/portal\/wp-json\/wp\/v2\/types\/post"}],"author":[{"embeddable":true,"href":"https:\/\/somdepapo.com.br\/portal\/wp-json\/wp\/v2\/users\/1"}],"replies":[{"embeddable":true,"href":"https:\/\/somdepapo.com.br\/portal\/wp-json\/wp\/v2\/comments?post=52154"}],"version-history":[{"count":1,"href":"https:\/\/somdepapo.com.br\/portal\/wp-json\/wp\/v2\/posts\/52154\/revisions"}],"predecessor-version":[{"id":52155,"href":"https:\/\/somdepapo.com.br\/portal\/wp-json\/wp\/v2\/posts\/52154\/revisions\/52155"}],"wp:featuredmedia":[{"embeddable":true,"href":"https:\/\/somdepapo.com.br\/portal\/wp-json\/wp\/v2\/media\/52156"}],"wp:attachment":[{"href":"https:\/\/somdepapo.com.br\/portal\/wp-json\/wp\/v2\/media?parent=52154"}],"wp:term":[{"taxonomy":"category","embeddable":true,"href":"https:\/\/somdepapo.com.br\/portal\/wp-json\/wp\/v2\/categories?post=52154"},{"taxonomy":"post_tag","embeddable":true,"href":"https:\/\/somdepapo.com.br\/portal\/wp-json\/wp\/v2\/tags?post=52154"}],"curies":[{"name":"wp","href":"https:\/\/api.w.org\/{rel}","templated":true}]}}