{"id":52245,"date":"2026-08-31T08:26:48","date_gmt":"2026-08-31T11:26:48","guid":{"rendered":"https:\/\/somdepapo.com.br\/portal\/?p=52245"},"modified":"2026-08-31T08:26:48","modified_gmt":"2026-08-31T11:26:48","slug":"como-esta-sua-saude-mental-agora-com-el-nino-e-politica","status":"publish","type":"post","link":"https:\/\/somdepapo.com.br\/portal\/como-esta-sua-saude-mental-agora-com-el-nino-e-politica\/","title":{"rendered":"Como est\u00e1 sua Sa\u00fade Mental agora, com El Ni\u00f1o e Pol\u00edtica?"},"content":{"rendered":"<p style=\"text-align: right;\">&nbsp; Por Leandro Liz Psicanalista<\/p>\n<p style=\"text-align: right;\">&nbsp;@leandrolizpsicanalista<\/p>\n<p style=\"text-align: justify;\">&nbsp;<\/p>\n<p style=\"text-align: justify;\">Voc\u00ea acorda e, antes mesmo de perceber o que se passa dentro de voc\u00ea, o mundo j\u00e1 chega. Not\u00edcias sobre clima, pol\u00edtica, economia, viol\u00eancia e conflitos atravessam a tela e encontram algo em n\u00f3s que nem sempre sabemos nomear.<\/p>\n<p style=\"text-align: justify;\">Talvez n\u00e3o seja apenas a not\u00edcia que pesa. Talvez seja aquilo que ela toca.<\/p>\n<p style=\"text-align: justify;\">Uma discuss\u00e3o pol\u00edtica pode despertar mais do que uma opini\u00e3o. Uma previs\u00e3o sobre o clima pode provocar mais do que preocupa\u00e7\u00e3o. \u00c0s vezes, o que vem de fora encontra medos, lembran\u00e7as, inseguran\u00e7as e fantasias que j\u00e1 estavam ali.<\/p>\n<p style=\"text-align: justify;\">N\u00e3o h\u00e1 uma medida exata para saber quando informa\u00e7\u00e3o vira excesso. Cada sujeito responde de um modo. Para alguns, acompanhar tudo parece trazer seguran\u00e7a. Para outros, aumenta a sensa\u00e7\u00e3o de amea\u00e7a. E talvez nem sempre seja poss\u00edvel perceber imediatamente essa diferen\u00e7a.<\/p>\n<p style=\"text-align: justify;\">A psican\u00e1lise n\u00e3o parte da ideia de ensinar algu\u00e9m a viver melhor. Ela cria um espa\u00e7o para que cada pessoa possa escutar o que sua pr\u00f3pria forma de viver revela.<\/p>\n<p style=\"text-align: justify;\">Talvez o ponto n\u00e3o seja se afastar do mundo, mas perceber o que desse mundo continua ecoando dentro de voc\u00ea quando a tela se apaga.<\/p>\n<p style=\"text-align: justify;\">Se voc\u00ea sente necessidade de compreender melhor o que tem vivido emocionalmente, a avalia\u00e7\u00e3o psicanal\u00edtica terap\u00eautica on-line pode ser um primeiro espa\u00e7o de escuta, sem respostas prontas e sem julgamentos.<\/p>\n<p style=\"text-align: justify;\">&nbsp;<\/p>\n<p style=\"text-align: justify;\">&nbsp;<\/p>\n<p style=\"text-align: justify;\">Leandro Liz \u2013 Psicanalista<\/p>\n<p style=\"text-align: justify;\">www.leandrolizpsicanalista.com.br<\/p>\n<p style=\"text-align: justify;\">&nbsp;<\/p>\n<p style=\"text-align: justify;\">&nbsp;<\/p>\n<p style=\"text-align: justify;\">&nbsp;<\/p>\n","protected":false},"excerpt":{"rendered":"<p>&nbsp; Por Leandro Liz Psicanalista &nbsp;@leandrolizpsicanalista &nbsp; Voc\u00ea acorda e, antes mesmo de perceber o que se passa dentro de voc\u00ea, o mundo j\u00e1 chega. Not\u00edcias sobre clima, pol\u00edtica, economia, viol\u00eancia e conflitos atravessam a tela e encontram algo em n\u00f3s que nem sempre sabemos nomear. Talvez n\u00e3o seja apenas a not\u00edcia que pesa. Talvez [&hellip;]<\/p>\n","protected":false},"author":1,"featured_media":52246,"comment_status":"open","ping_status":"open","sticky":false,"template":"","format":"standard","meta":{"ngg_post_thumbnail":0,"footnotes":""},"categories":[2,361,41],"tags":[],"class_list":["post-52245","post","type-post","status-publish","format-standard","has-post-thumbnail","hentry","category-destaques","category-reprogramacao-emocional","category-ultimasnoticias"],"_links":{"self":[{"href":"https:\/\/somdepapo.com.br\/portal\/wp-json\/wp\/v2\/posts\/52245","targetHints":{"allow":["GET"]}}],"collection":[{"href":"https:\/\/somdepapo.com.br\/portal\/wp-json\/wp\/v2\/posts"}],"about":[{"href":"https:\/\/somdepapo.com.br\/portal\/wp-json\/wp\/v2\/types\/post"}],"author":[{"embeddable":true,"href":"https:\/\/somdepapo.com.br\/portal\/wp-json\/wp\/v2\/users\/1"}],"replies":[{"embeddable":true,"href":"https:\/\/somdepapo.com.br\/portal\/wp-json\/wp\/v2\/comments?post=52245"}],"version-history":[{"count":1,"href":"https:\/\/somdepapo.com.br\/portal\/wp-json\/wp\/v2\/posts\/52245\/revisions"}],"predecessor-version":[{"id":52247,"href":"https:\/\/somdepapo.com.br\/portal\/wp-json\/wp\/v2\/posts\/52245\/revisions\/52247"}],"wp:featuredmedia":[{"embeddable":true,"href":"https:\/\/somdepapo.com.br\/portal\/wp-json\/wp\/v2\/media\/52246"}],"wp:attachment":[{"href":"https:\/\/somdepapo.com.br\/portal\/wp-json\/wp\/v2\/media?parent=52245"}],"wp:term":[{"taxonomy":"category","embeddable":true,"href":"https:\/\/somdepapo.com.br\/portal\/wp-json\/wp\/v2\/categories?post=52245"},{"taxonomy":"post_tag","embeddable":true,"href":"https:\/\/somdepapo.com.br\/portal\/wp-json\/wp\/v2\/tags?post=52245"}],"curies":[{"name":"wp","href":"https:\/\/api.w.org\/{rel}","templated":true}]}}