{"id":52248,"date":"2026-08-31T08:36:43","date_gmt":"2026-08-31T11:36:43","guid":{"rendered":"https:\/\/somdepapo.com.br\/portal\/?p=52248"},"modified":"2026-08-31T08:36:43","modified_gmt":"2026-08-31T11:36:43","slug":"alcar","status":"publish","type":"post","link":"https:\/\/somdepapo.com.br\/portal\/alcar\/","title":{"rendered":"Al\u00e7ar"},"content":{"rendered":"<p style=\"text-align: right;\">&nbsp; &nbsp; &nbsp; &nbsp; &nbsp; &nbsp; &nbsp; &nbsp; &nbsp; &nbsp; &nbsp; &nbsp; &nbsp; *Por Poetisa Thaisy Moraes&nbsp; &nbsp; &nbsp; &nbsp; &nbsp; &nbsp; &nbsp; &nbsp; &nbsp; &nbsp; &nbsp; &nbsp; &nbsp; &nbsp; &nbsp; &nbsp; &nbsp; &nbsp; &nbsp; &nbsp; &nbsp; &nbsp;@thaisymoraespoetisa&nbsp; &nbsp; &nbsp; &nbsp; &nbsp; &nbsp; &nbsp; &nbsp; &nbsp; &nbsp; &nbsp; &nbsp; &nbsp; &nbsp; &nbsp; &nbsp; &nbsp; &nbsp; &nbsp; &nbsp; &nbsp; &nbsp; &nbsp; &nbsp; &nbsp; &nbsp; &nbsp; &nbsp; &nbsp; &nbsp; &nbsp; &nbsp; &nbsp; &nbsp; &nbsp; &nbsp; &nbsp; &nbsp; &nbsp; &nbsp; &nbsp; &nbsp; &nbsp; &nbsp; &nbsp; &nbsp; &nbsp; &nbsp; &nbsp; &nbsp; &nbsp; &nbsp; &nbsp; &nbsp; &nbsp;<\/p>\n<p style=\"text-align: justify;\">No c\u00e9u de ilus\u00e3o,<\/p>\n<p style=\"text-align: justify;\">Voei longe e distante.&nbsp;<\/p>\n<p style=\"text-align: justify;\">Disse adeus e parti<\/p>\n<p style=\"text-align: justify;\">Rumo ao imenso horizonte.&nbsp;<\/p>\n<p style=\"text-align: justify;\">&nbsp;<\/p>\n<p style=\"text-align: justify;\">No c\u00e9u fascinante<\/p>\n<p style=\"text-align: justify;\">De mentiras veladas,<\/p>\n<p style=\"text-align: justify;\">Voei alto e livre<\/p>\n<p style=\"text-align: justify;\">Ao encontro do c\u00e1rcere.<\/p>\n<p style=\"text-align: justify;\">&nbsp;<\/p>\n<p style=\"text-align: justify;\">Distraio o presente&nbsp;<\/p>\n<p style=\"text-align: justify;\">Na busca constante<\/p>\n<p style=\"text-align: justify;\">Do passado firmado<\/p>\n<p style=\"text-align: justify;\">Na viv\u00eancia infantil.<\/p>\n<p style=\"text-align: justify;\">&nbsp;<\/p>\n<p style=\"text-align: justify;\">Ah! Lembra de passar por aqui na sexta-feira!<\/p>\n<p style=\"text-align: justify;\">&nbsp;<\/p>\n<p style=\"text-align: justify;\">&nbsp; &nbsp; &nbsp; &nbsp; &nbsp; *Thaisy Moraes \u00e9 servidora p\u00fablica municipal respons\u00e1vel pelo setor de Patrim\u00f4nio do Munic\u00edpio de S\u00e3o Carlos\/SC, biom\u00e9dica formada pela Universidade Federal do Piau\u00ed (UFPI), escritora e poetisa h\u00e1 treze anos: \u201cEscrevo h\u00e1 treze anos sobre tristezas e alegrias, e belezas e feiuras, t\u00e3o presentes em nossa condi\u00e7\u00e3o humana.\u201d&nbsp;<\/p>\n<p style=\"text-align: justify;\">&nbsp;<\/p>\n<p style=\"text-align: justify;\">&nbsp; ** Este material possui imagem ilustrativa feita por Intelig\u00eancia Artificial.<\/p>\n<p style=\"text-align: justify;\">&nbsp;<\/p>\n<p style=\"text-align: justify;\">&nbsp;<\/p>\n<p style=\"text-align: justify;\">&nbsp;<\/p>\n","protected":false},"excerpt":{"rendered":"<p>&nbsp; &nbsp; &nbsp; &nbsp; &nbsp; &nbsp; &nbsp; &nbsp; &nbsp; &nbsp; &nbsp; &nbsp; &nbsp; *Por Poetisa Thaisy Moraes&nbsp; &nbsp; &nbsp; &nbsp; &nbsp; &nbsp; &nbsp; &nbsp; &nbsp; &nbsp; &nbsp; &nbsp; &nbsp; &nbsp; &nbsp; &nbsp; &nbsp; &nbsp; &nbsp; &nbsp; &nbsp; &nbsp;@thaisymoraespoetisa&nbsp; &nbsp; &nbsp; &nbsp; &nbsp; &nbsp; &nbsp; &nbsp; &nbsp; &nbsp; &nbsp; &nbsp; &nbsp; &nbsp; &nbsp; &nbsp; &nbsp; &nbsp; [&hellip;]<\/p>\n","protected":false},"author":1,"featured_media":52249,"comment_status":"open","ping_status":"open","sticky":false,"template":"","format":"standard","meta":{"ngg_post_thumbnail":0,"footnotes":""},"categories":[2,224,41],"tags":[],"class_list":["post-52248","post","type-post","status-publish","format-standard","has-post-thumbnail","hentry","category-destaques","category-poemas-reflexoes","category-ultimasnoticias"],"_links":{"self":[{"href":"https:\/\/somdepapo.com.br\/portal\/wp-json\/wp\/v2\/posts\/52248","targetHints":{"allow":["GET"]}}],"collection":[{"href":"https:\/\/somdepapo.com.br\/portal\/wp-json\/wp\/v2\/posts"}],"about":[{"href":"https:\/\/somdepapo.com.br\/portal\/wp-json\/wp\/v2\/types\/post"}],"author":[{"embeddable":true,"href":"https:\/\/somdepapo.com.br\/portal\/wp-json\/wp\/v2\/users\/1"}],"replies":[{"embeddable":true,"href":"https:\/\/somdepapo.com.br\/portal\/wp-json\/wp\/v2\/comments?post=52248"}],"version-history":[{"count":1,"href":"https:\/\/somdepapo.com.br\/portal\/wp-json\/wp\/v2\/posts\/52248\/revisions"}],"predecessor-version":[{"id":52250,"href":"https:\/\/somdepapo.com.br\/portal\/wp-json\/wp\/v2\/posts\/52248\/revisions\/52250"}],"wp:featuredmedia":[{"embeddable":true,"href":"https:\/\/somdepapo.com.br\/portal\/wp-json\/wp\/v2\/media\/52249"}],"wp:attachment":[{"href":"https:\/\/somdepapo.com.br\/portal\/wp-json\/wp\/v2\/media?parent=52248"}],"wp:term":[{"taxonomy":"category","embeddable":true,"href":"https:\/\/somdepapo.com.br\/portal\/wp-json\/wp\/v2\/categories?post=52248"},{"taxonomy":"post_tag","embeddable":true,"href":"https:\/\/somdepapo.com.br\/portal\/wp-json\/wp\/v2\/tags?post=52248"}],"curies":[{"name":"wp","href":"https:\/\/api.w.org\/{rel}","templated":true}]}}