{"id":52277,"date":"2026-09-01T08:25:25","date_gmt":"2026-09-01T11:25:25","guid":{"rendered":"https:\/\/somdepapo.com.br\/portal\/?p=52277"},"modified":"2026-09-01T08:25:25","modified_gmt":"2026-09-01T11:25:25","slug":"a-musica-e-famosa-mas-ela-pode-tocar-na-campanha-eleitoral","status":"publish","type":"post","link":"https:\/\/somdepapo.com.br\/portal\/a-musica-e-famosa-mas-ela-pode-tocar-na-campanha-eleitoral\/","title":{"rendered":"A m\u00fasica \u00e9 famosa mas ela pode tocar na campanha eleitoral?"},"content":{"rendered":"<p style=\"text-align: right;\">Por Ana Paula Maia Ang\u00e9lico<\/p>\n<p style=\"text-align: right;\">Advogada<\/p>\n<p style=\"text-align: justify;\">&nbsp;<\/p>\n<p style=\"text-align: justify;\">Uma m\u00fasica pode marcar uma gera\u00e7\u00e3o. Pode representar a hist\u00f3ria de um artista, transmitir uma mensagem e carregar anos de trabalho at\u00e9 se tornar conhecida pelo p\u00fablico. Mas o que acontece quando ela come\u00e7a a tocar em uma campanha pol\u00edtica sem que seu autor tenha autorizado?<\/p>\n<p style=\"text-align: justify;\">&nbsp;<\/p>\n<p style=\"text-align: justify;\">Em per\u00edodo eleitoral, a m\u00fasica ganha ainda mais for\u00e7a. Jingles, v\u00eddeos para redes sociais, com\u00edcios e pe\u00e7as de propaganda utilizam melodias justamente porque elas possuem uma caracter\u00edstica poderosa: ficam na mem\u00f3ria.<\/p>\n<p style=\"text-align: justify;\">&nbsp;<\/p>\n<p style=\"text-align: justify;\">O problema come\u00e7a quando uma campanha acredita que o fato de uma m\u00fasica ser conhecida significa que ela pode ser livremente utilizada. N\u00e3o pode.<\/p>\n<p style=\"text-align: justify;\">&nbsp;<\/p>\n<p style=\"text-align: justify;\">Gostar da m\u00fasica n\u00e3o significa ter o direito de utiliz\u00e1-la. Imagine que determinada candidata publique nas redes sociais um v\u00eddeo de campanha utilizando uma m\u00fasica muito conhecida.<\/p>\n<p style=\"text-align: justify;\">&nbsp;<\/p>\n<p style=\"text-align: justify;\">A letra combina perfeitamente com a mensagem pol\u00edtica que pretende transmitir. O v\u00eddeo viraliza, milhares de pessoas compartilham e, em pouco tempo, aquela m\u00fasica passa a ser associada \u00e0 candidatura.<\/p>\n<p style=\"text-align: justify;\">&nbsp;<\/p>\n<p style=\"text-align: justify;\">S\u00f3 existe um detalhe: o artista nunca autorizou o uso de sua obra naquela campanha. Essa aus\u00eancia de autoriza\u00e7\u00e3o \u00e9 juridicamente relevante. Para a utiliza\u00e7\u00e3o de uma obra depende de autoriza\u00e7\u00e3o pr\u00e9via e expressa do autor. H\u00e1 prote\u00e7\u00e3o jur\u00eddica para a reprodu\u00e7\u00e3o, adapta\u00e7\u00e3o, inclus\u00e3o em produ\u00e7\u00e3o audiovisual e execu\u00e7\u00e3o musical.<\/p>\n<p style=\"text-align: justify;\">&nbsp;<\/p>\n<p style=\"text-align: justify;\">E a propaganda eleitoral n\u00e3o cria uma esp\u00e9cie de \u201cpasse livre\u201d sobre a cria\u00e7\u00e3o art\u00edstica. E se transformarem a m\u00fasica em um jingle? Aqui surge uma d\u00favida muito comum. Basta trocar a letra de uma m\u00fasica famosa e transform\u00e1-la em jingle eleitoral? A quest\u00e3o exige cuidado.<\/p>\n<p style=\"text-align: justify;\">&nbsp;<\/p>\n<p style=\"text-align: justify;\">A Lei de Direitos Autorais estabelece que par\u00e1frases e par\u00f3dias s\u00e3o livres quando n\u00e3o constituem verdadeira reprodu\u00e7\u00e3o da obra origin\u00e1ria nem lhe causam descr\u00e9dito. Entretanto, no contexto eleitoral, existem regras espec\u00edficas.<\/p>\n<p style=\"text-align: justify;\">&nbsp;<\/p>\n<p style=\"text-align: justify;\">O TSE informa que autores de obras art\u00edsticas ou audiovisuais utilizadas sem autoriza\u00e7\u00e3o na produ\u00e7\u00e3o de jingle, inclusive em forma de par\u00f3dia, ou em outra pe\u00e7a de propaganda eleitoral, podem requerer \u00e0 Justi\u00e7a Eleitoral a interrup\u00e7\u00e3o da divulga\u00e7\u00e3o. Segundo o Tribunal, a aus\u00eancia de autoriza\u00e7\u00e3o \u00e9 suficiente para fundamentar o pedido de cessa\u00e7\u00e3o da conduta.&nbsp;<\/p>\n<p style=\"text-align: justify;\">&nbsp;<\/p>\n<p style=\"text-align: justify;\">H\u00e1 uma raz\u00e3o bastante compreens\u00edvel para isso. Quando a m\u00fasica de determinado artista aparece repetidamente em uma campanha, parte do p\u00fablico pode interpretar aquela utiliza\u00e7\u00e3o como uma aproxima\u00e7\u00e3o ou associa\u00e7\u00e3o entre o artista e aquela candidatura. E o artista pode simplesmente n\u00e3o querer que sua obra seja vinculada \u00e0quela campanha.<\/p>\n<p style=\"text-align: justify;\">&nbsp;<\/p>\n<p style=\"text-align: justify;\">O candidato comete crime? \u00c9 importante n\u00e3o generalizar. O uso n\u00e3o autorizado de uma m\u00fasica pode representar viola\u00e7\u00e3o aos direitos autorais e produzir consequ\u00eancias jur\u00eddicas, inclusive na esfera civil e eleitoral. A Lei de Direitos Autorais estabelece regras de responsabiliza\u00e7\u00e3o para reprodu\u00e7\u00e3o, divulga\u00e7\u00e3o e utiliza\u00e7\u00e3o indevida de obras protegidas. Mas afirmar que todo uso n\u00e3o autorizado automaticamente transforma o candidato em autor de um crime seria juridicamente impreciso.<\/p>\n<p style=\"text-align: justify;\">&nbsp;<\/p>\n<p style=\"text-align: justify;\">Por isso, campanhas precisam verificar previamente os direitos envolvidos antes de utilizar m\u00fasicas, grava\u00e7\u00f5es ou adapta\u00e7\u00f5es em suas pe\u00e7as. E artistas, compositores e demais titulares tamb\u00e9m precisam compreender que suas cria\u00e7\u00f5es possuem valor jur\u00eddico e econ\u00f4mico.<\/p>\n<p style=\"text-align: justify;\">&nbsp;<\/p>\n<p style=\"text-align: justify;\">Ana Paula Maia Ang\u00e9lico<\/p>\n<p style=\"text-align: justify;\">@anapmangelico<\/p>\n<p style=\"text-align: justify;\">@registrodemarcas.pa<\/p>\n<p style=\"text-align: justify;\">&nbsp;<\/p>\n<p style=\"text-align: justify;\">&nbsp;<\/p>\n<p style=\"text-align: justify;\">Dra. Ana Paula Maia Ang\u00e9lico \u00e9 advogada especialista em Direito de Fam\u00edlia e Trabalhista e atua na \u00e1rea de Registro de Marcas, auxiliando empresas e profissionais na prote\u00e7\u00e3o jur\u00eddica de seus ativos intelectuais e fortalecimento de suas marcas.&nbsp;<\/p>\n<p style=\"text-align: justify;\">&nbsp;<\/p>\n<p style=\"text-align: justify;\">&nbsp;<\/p>\n<p style=\"text-align: justify;\">&nbsp;<\/p>\n","protected":false},"excerpt":{"rendered":"<p>Por Ana Paula Maia Ang\u00e9lico Advogada &nbsp; Uma m\u00fasica pode marcar uma gera\u00e7\u00e3o. Pode representar a hist\u00f3ria de um artista, transmitir uma mensagem e carregar anos de trabalho at\u00e9 se tornar conhecida pelo p\u00fablico. Mas o que acontece quando ela come\u00e7a a tocar em uma campanha pol\u00edtica sem que seu autor tenha autorizado? &nbsp; Em [&hellip;]<\/p>\n","protected":false},"author":1,"featured_media":52278,"comment_status":"open","ping_status":"open","sticky":false,"template":"","format":"standard","meta":{"ngg_post_thumbnail":0,"footnotes":""},"categories":[2,429,41],"tags":[],"class_list":["post-52277","post","type-post","status-publish","format-standard","has-post-thumbnail","hentry","category-destaques","category-marcas-patentes","category-ultimasnoticias"],"_links":{"self":[{"href":"https:\/\/somdepapo.com.br\/portal\/wp-json\/wp\/v2\/posts\/52277","targetHints":{"allow":["GET"]}}],"collection":[{"href":"https:\/\/somdepapo.com.br\/portal\/wp-json\/wp\/v2\/posts"}],"about":[{"href":"https:\/\/somdepapo.com.br\/portal\/wp-json\/wp\/v2\/types\/post"}],"author":[{"embeddable":true,"href":"https:\/\/somdepapo.com.br\/portal\/wp-json\/wp\/v2\/users\/1"}],"replies":[{"embeddable":true,"href":"https:\/\/somdepapo.com.br\/portal\/wp-json\/wp\/v2\/comments?post=52277"}],"version-history":[{"count":1,"href":"https:\/\/somdepapo.com.br\/portal\/wp-json\/wp\/v2\/posts\/52277\/revisions"}],"predecessor-version":[{"id":52279,"href":"https:\/\/somdepapo.com.br\/portal\/wp-json\/wp\/v2\/posts\/52277\/revisions\/52279"}],"wp:featuredmedia":[{"embeddable":true,"href":"https:\/\/somdepapo.com.br\/portal\/wp-json\/wp\/v2\/media\/52278"}],"wp:attachment":[{"href":"https:\/\/somdepapo.com.br\/portal\/wp-json\/wp\/v2\/media?parent=52277"}],"wp:term":[{"taxonomy":"category","embeddable":true,"href":"https:\/\/somdepapo.com.br\/portal\/wp-json\/wp\/v2\/categories?post=52277"},{"taxonomy":"post_tag","embeddable":true,"href":"https:\/\/somdepapo.com.br\/portal\/wp-json\/wp\/v2\/tags?post=52277"}],"curies":[{"name":"wp","href":"https:\/\/api.w.org\/{rel}","templated":true}]}}