{"id":52280,"date":"2026-09-01T10:32:03","date_gmt":"2026-09-01T13:32:03","guid":{"rendered":"https:\/\/somdepapo.com.br\/portal\/?p=52280"},"modified":"2026-09-01T10:32:03","modified_gmt":"2026-09-01T13:32:03","slug":"aposentadoria-em-2027-o-que-muda-nas-regras-de-transicao-do-inss","status":"publish","type":"post","link":"https:\/\/somdepapo.com.br\/portal\/aposentadoria-em-2027-o-que-muda-nas-regras-de-transicao-do-inss\/","title":{"rendered":"Aposentadoria em 2027: o que muda nas regras de transi\u00e7\u00e3o do INSS?"},"content":{"rendered":"<p style=\"text-align: right;\">Por Nem\u00e9sio Vasconcelos&nbsp;<\/p>\n<p style=\"text-align: justify;\">A Reforma da Previd\u00eancia, promovida pela Emenda Constitucional n\u00ba 103\/2019, modificou significativamente as regras para concess\u00e3o das aposentadorias do INSS. Para quem j\u00e1 estava filiado ao Regime Geral de Previd\u00eancia Social (RGPS) antes da Reforma, foram criadas diferentes regras de transi\u00e7\u00e3o.<\/p>\n<p style=\"text-align: justify;\">Algumas dessas regras possuem requisitos que aumentam progressivamente a cada ano. Por isso, 2027 trar\u00e1 novas exig\u00eancias para determinados segurados, especialmente nas regras de pontos e da idade m\u00ednima progressiva.<\/p>\n<p style=\"text-align: justify;\">1. Regra de pontos: a exig\u00eancia aumenta em 2027<\/p>\n<p style=\"text-align: justify;\">Uma das principais regras de transi\u00e7\u00e3o \u00e9 a chamada regra dos pontos, prevista no artigo 15 da EC n\u00ba 103\/2019. Nessa modalidade, o segurado precisa somar sua idade ao tempo de contribui\u00e7\u00e3o, al\u00e9m de cumprir um tempo m\u00ednimo de contribui\u00e7\u00e3o.<\/p>\n<p style=\"text-align: justify;\">2. Idade m\u00ednima progressiva tamb\u00e9m aumenta em 2027<\/p>\n<p style=\"text-align: justify;\">Outra regra de transi\u00e7\u00e3o importante \u00e9 a idade m\u00ednima progressiva, prevista no artigo 16 da EC n\u00ba 103\/2019. Essa regra combina idade m\u00ednima e tempo m\u00ednimo de contribui\u00e7\u00e3o. A idade m\u00ednima aumenta seis meses por ano at\u00e9 atingir os limites estabelecidos pela Reforma.<\/p>\n<p style=\"text-align: justify;\">3. E o ped\u00e1gio de 100%? N\u00e3o h\u00e1 aumento anual da idade<\/p>\n<p style=\"text-align: justify;\">Diferentemente das duas regras anteriores, a regra do ped\u00e1gio de 100% possui idade m\u00ednima fixa. A mulher precisa ter 57 anos e o homem 60 anos, al\u00e9m dos demais requisitos e do per\u00edodo adicional correspondente a 100% do tempo que faltava, em 13 de novembro de 2019, para completar o tempo m\u00ednimo de contribui\u00e7\u00e3o.<\/p>\n<p style=\"text-align: justify;\">4. A aposentadoria por idade permanece estabilizada<\/p>\n<p style=\"text-align: justify;\">Para a aposentadoria urbana, a idade m\u00ednima atualmente \u00e9 de 62 anos para mulheres e 65 anos para homens. Para quem ingressou no RGPS ap\u00f3s a Reforma, a regra permanente mant\u00e9m essas idades, observados os demais requisitos legais.<\/p>\n<p style=\"text-align: justify;\">Exemplo da regra de pontos<\/p>\n<p style=\"text-align: justify;\">Imagine uma mulher em 2026 com 59 anos de idade e 34 anos de contribui\u00e7\u00e3o. A soma resulta em 93 pontos. Se todos os demais requisitos forem preenchidos, ela poder\u00e1 alcan\u00e7ar a aposentadoria pela regra de pontos em 2026. Em 2027, a exig\u00eancia passa para 94 pontos.<\/p>\n<p style=\"text-align: justify;\">Exemplo do ped\u00e1gio de 100%<\/p>\n<p style=\"text-align: justify;\">Imagine que, em 13\/11\/2019, uma mulher tivesse 28 anos de contribui\u00e7\u00e3o. Faltavam 2 anos para completar 30 anos. No ped\u00e1gio de 100%, dever\u00e1 cumprir os 2 anos que faltavam mais 2 anos de ped\u00e1gio, totalizando 4 anos.<\/p>\n<p style=\"text-align: justify;\">5. Comparativo: 2026 x 2027<\/p>\n<p style=\"text-align: justify;\">Regra 2026 2027<\/p>\n<p style=\"text-align: justify;\">Pontos \u2013 Mulher 93 pontos + 30 anos 94 pontos + 30 anos<\/p>\n<p style=\"text-align: justify;\">Pontos \u2013 Homem 103 pontos + 35 anos 104 pontos + 35 anos<\/p>\n<p style=\"text-align: justify;\">Idade progressiva \u2013 Mulher 59 anos e 6 meses + 30 anos 60 anos + 30 anos<\/p>\n<p style=\"text-align: justify;\">Idade progressiva \u2013 Homem 64 anos e 6 meses + 35 anos 65 anos + 35 anos<\/p>\n<p style=\"text-align: justify;\">Ped\u00e1gio 100% \u2013 Mulher 57 anos + requisitos + ped\u00e1gio 57 anos + requisitos + ped\u00e1gio<\/p>\n<p style=\"text-align: justify;\">Ped\u00e1gio 100% \u2013 Homem 60 anos + requisitos + ped\u00e1gio 60 anos + requisitos + ped\u00e1gio<\/p>\n<p style=\"text-align: justify;\">Idade \u2013 Mulher 62 anos 62 anos<\/p>\n<p style=\"text-align: justify;\">Idade \u2013 Homem 65 anos 65 anos<\/p>\n<p style=\"text-align: justify;\">6. Quem pode ser prejudicado pela mudan\u00e7a de 2026 para 2027?<\/p>\n<p style=\"text-align: justify;\">A mudan\u00e7a de ano pode fazer diferen\u00e7a principalmente para o segurado que est\u00e1 pr\u00f3ximo de cumprir os requisitos. Uma pessoa que consegue completar todos os requisitos ainda em 2026 poder\u00e1 ter situa\u00e7\u00e3o diferente daquela que somente preencher\u00e1 as condi\u00e7\u00f5es em 2027, pois as regras progressivas ter\u00e3o requisitos maiores.<\/p>\n<p style=\"text-align: justify;\">7. Direito adquirido continua sendo um ponto fundamental<\/p>\n<p style=\"text-align: justify;\">A mudan\u00e7a das regras de transi\u00e7\u00e3o n\u00e3o significa que o segurado perder\u00e1 um direito que j\u00e1 tenha adquirido. Quem cumpriu todos os requisitos para aposentadoria antes da mudan\u00e7a aplic\u00e1vel pode ter direito adquirido, ainda que fa\u00e7a o requerimento posteriormente, observadas as regras do caso concreto.<\/p>\n<p style=\"text-align: justify;\">8. A melhor regra nem sempre \u00e9 a primeira que o segurado alcan\u00e7a<\/p>\n<p style=\"text-align: justify;\">No planejamento previdenci\u00e1rio, n\u00e3o basta perguntar \u201cquando posso me aposentar?\u201d. Tamb\u00e9m \u00e9 necess\u00e1rio avaliar qual regra \u00e9 mais vantajosa. O segurado pode alcan\u00e7ar uma regra em 2026 e, dependendo do hist\u00f3rico contributivo e do c\u00e1lculo do benef\u00edcio, ter outra alternativa mais favor\u00e1vel.<\/p>\n<p style=\"text-align: justify;\">9. O planejamento previdenci\u00e1rio ganha ainda mais import\u00e2ncia<\/p>\n<p style=\"text-align: justify;\">A chegada de 2027 refor\u00e7a a import\u00e2ncia de analisar o hist\u00f3rico previdenci\u00e1rio antes de protocolar o pedido. O CNIS pode apresentar per\u00edodos incorretos ou incompletos, al\u00e9m de existirem situa\u00e7\u00f5es envolvendo atividade rural, especial, v\u00ednculos empregat\u00edcios e contribui\u00e7\u00f5es que podem exigir comprova\u00e7\u00e3o e reconhecimento.<\/p>\n<p style=\"text-align: justify;\">Conclus\u00e3o<\/p>\n<p style=\"text-align: justify;\">2027 n\u00e3o representa uma nova Reforma da Previd\u00eancia. As mudan\u00e7as previstas decorrem da pr\u00f3pria sistem\u00e1tica de progress\u00e3o estabelecida pela EC n\u00ba 103\/2019. As principais altera\u00e7\u00f5es s\u00e3o: aumento de um ponto na regra de pontos e aumento de seis meses na idade m\u00ednima progressiva. O ped\u00e1gio de 100% e a idade m\u00ednima permanente n\u00e3o sofrem novo aumento em 2027.<\/p>\n<p style=\"text-align: justify;\">Importante: este artigo possui car\u00e1ter informativo e n\u00e3o substitui a an\u00e1lise individual do hist\u00f3rico previdenci\u00e1rio do segurado. As regras podem variar conforme a situa\u00e7\u00e3o concreta, especialmente em casos envolvendo atividade rural, atividade especial, professor, pessoa com defici\u00eancia, direito adquirido ou per\u00edodos vinculados a outros regimes previdenci\u00e1rios.<\/p>\n<p style=\"text-align: justify;\">Fontes: Emenda Constitucional n\u00ba 103\/2019 e informa\u00e7\u00f5es oficiais do Instituto Nacional do Seguro Social (INSS).<\/p>\n<p style=\"text-align: justify;\">&nbsp;<\/p>\n","protected":false},"excerpt":{"rendered":"<p>Por Nem\u00e9sio Vasconcelos&nbsp; A Reforma da Previd\u00eancia, promovida pela Emenda Constitucional n\u00ba 103\/2019, modificou significativamente as regras para concess\u00e3o das aposentadorias do INSS. Para quem j\u00e1 estava filiado ao Regime Geral de Previd\u00eancia Social (RGPS) antes da Reforma, foram criadas diferentes regras de transi\u00e7\u00e3o. Algumas dessas regras possuem requisitos que aumentam progressivamente a cada ano. [&hellip;]<\/p>\n","protected":false},"author":1,"featured_media":52281,"comment_status":"open","ping_status":"open","sticky":false,"template":"","format":"standard","meta":{"ngg_post_thumbnail":0,"footnotes":""},"categories":[2,389,41],"tags":[],"class_list":["post-52280","post","type-post","status-publish","format-standard","has-post-thumbnail","hentry","category-destaques","category-direito-previdenciario","category-ultimasnoticias"],"_links":{"self":[{"href":"https:\/\/somdepapo.com.br\/portal\/wp-json\/wp\/v2\/posts\/52280","targetHints":{"allow":["GET"]}}],"collection":[{"href":"https:\/\/somdepapo.com.br\/portal\/wp-json\/wp\/v2\/posts"}],"about":[{"href":"https:\/\/somdepapo.com.br\/portal\/wp-json\/wp\/v2\/types\/post"}],"author":[{"embeddable":true,"href":"https:\/\/somdepapo.com.br\/portal\/wp-json\/wp\/v2\/users\/1"}],"replies":[{"embeddable":true,"href":"https:\/\/somdepapo.com.br\/portal\/wp-json\/wp\/v2\/comments?post=52280"}],"version-history":[{"count":1,"href":"https:\/\/somdepapo.com.br\/portal\/wp-json\/wp\/v2\/posts\/52280\/revisions"}],"predecessor-version":[{"id":52282,"href":"https:\/\/somdepapo.com.br\/portal\/wp-json\/wp\/v2\/posts\/52280\/revisions\/52282"}],"wp:featuredmedia":[{"embeddable":true,"href":"https:\/\/somdepapo.com.br\/portal\/wp-json\/wp\/v2\/media\/52281"}],"wp:attachment":[{"href":"https:\/\/somdepapo.com.br\/portal\/wp-json\/wp\/v2\/media?parent=52280"}],"wp:term":[{"taxonomy":"category","embeddable":true,"href":"https:\/\/somdepapo.com.br\/portal\/wp-json\/wp\/v2\/categories?post=52280"},{"taxonomy":"post_tag","embeddable":true,"href":"https:\/\/somdepapo.com.br\/portal\/wp-json\/wp\/v2\/tags?post=52280"}],"curies":[{"name":"wp","href":"https:\/\/api.w.org\/{rel}","templated":true}]}}