{"id":52289,"date":"2026-09-01T13:30:35","date_gmt":"2026-09-01T16:30:35","guid":{"rendered":"https:\/\/somdepapo.com.br\/portal\/?p=52289"},"modified":"2026-09-01T13:30:35","modified_gmt":"2026-09-01T16:30:35","slug":"o-curriculo-perfeito-morreu-o-talento-autentico-venceu","status":"publish","type":"post","link":"https:\/\/somdepapo.com.br\/portal\/o-curriculo-perfeito-morreu-o-talento-autentico-venceu\/","title":{"rendered":"O curr\u00edculo perfeito morreu. O talento aut\u00eantico venceu."},"content":{"rendered":"<p style=\"text-align: right;\">Por Christmann Andrade Miranda&nbsp; @christmannandrade<\/p>\n<p style=\"text-align: justify;\">&nbsp;<\/p>\n<p style=\"text-align: justify;\">Durante muitos anos, as empresas acreditaram que o sucesso de uma contrata\u00e7\u00e3o estava na busca pelo chamado &#8220;curr\u00edculo perfeito&#8221;. Forma\u00e7\u00e3o impec\u00e1vel, experi\u00eancia extensa, dom\u00ednio de idiomas, cursos internacionais e um hist\u00f3rico profissional sem falhas pareciam representar a f\u00f3rmula ideal para encontrar os melhores colaboradores.<\/p>\n<p style=\"text-align: justify;\">Entretanto, o mercado mudou.<\/p>\n<p style=\"text-align: justify;\">A velocidade das transforma\u00e7\u00f5es tecnol\u00f3gicas, o avan\u00e7o da intelig\u00eancia artificial e a necessidade constante de inova\u00e7\u00e3o fizeram surgir uma nova pergunta dentro das organiza\u00e7\u00f5es: ser\u00e1 que ainda estamos contratando as pessoas certas ou apenas aquelas que melhor sabem preencher um curr\u00edculo?<\/p>\n<p style=\"text-align: justify;\">Cada vez mais, empresas de diversos setores compreendem que compet\u00eancias t\u00e9cnicas podem ser desenvolvidas. Curiosidade, criatividade, capacidade de adapta\u00e7\u00e3o, \u00e9tica, colabora\u00e7\u00e3o e diferentes formas de resolver problemas tornaram-se ativos muito mais dif\u00edceis de encontrar.<\/p>\n<p style=\"text-align: justify;\">\u00c9 nesse cen\u00e1rio que a neurodiversidade ganha protagonismo.<\/p>\n<p style=\"text-align: justify;\">Pessoas neurodivergentes frequentemente apresentam maneiras singulares de interpretar informa\u00e7\u00f5es, organizar ideias, identificar padr\u00f5es e construir solu\u00e7\u00f5es. Essas diferen\u00e7as, que durante muito tempo foram vistas como obst\u00e1culos, hoje come\u00e7am a ser reconhecidas como importantes fontes de inova\u00e7\u00e3o.<\/p>\n<p style=\"text-align: justify;\">Isso n\u00e3o significa romantizar diagn\u00f3sticos ou pressupor que toda pessoa neurodivergente possua habilidades extraordin\u00e1rias. Cada indiv\u00edduo \u00e9 \u00fanico, com potencialidades e desafios pr\u00f3prios.<\/p>\n<p style=\"text-align: justify;\">O que muda \u00e9 a compreens\u00e3o de que o talento n\u00e3o cabe em um modelo \u00fanico.<\/p>\n<p style=\"text-align: justify;\">Quando as empresas deixam de procurar profissionais &#8220;iguais&#8221; e passam a construir equipes diversas, ampliam sua capacidade de aprender, inovar e responder a problemas complexos.<\/p>\n<p style=\"text-align: justify;\">O curr\u00edculo continua sendo importante.<\/p>\n<p style=\"text-align: justify;\">Mas ele deixou de ser suficiente.<\/p>\n<p style=\"text-align: justify;\">O futuro pertence \u00e0s organiza\u00e7\u00f5es capazes de reconhecer pessoas antes de enxergar documentos.<\/p>\n<p style=\"text-align: justify;\">Porque experi\u00eancias podem ser adquiridas.<\/p>\n<p style=\"text-align: justify;\">Conhecimentos podem ser desenvolvidos.<\/p>\n<p style=\"text-align: justify;\">Mas autenticidade, criatividade e diferentes formas de pensar continuam sendo alguns dos recursos mais valiosos de qualquer empresa.<\/p>\n<p style=\"text-align: justify;\">Talvez a pergunta mais importante de uma entrevista de emprego j\u00e1 n\u00e3o seja &#8220;o que voc\u00ea fez?&#8221;, mas &#8220;como voc\u00ea pensa?&#8221;.<\/p>\n<p style=\"text-align: justify;\">\u00c9 nessa resposta que pode estar o verdadeiro diferencial competitivo do s\u00e9culo XXI.<\/p>\n<p style=\"text-align: justify;\">&nbsp;<\/p>\n<p style=\"text-align: justify;\">&nbsp;<\/p>\n","protected":false},"excerpt":{"rendered":"<p>Por Christmann Andrade Miranda&nbsp; @christmannandrade &nbsp; Durante muitos anos, as empresas acreditaram que o sucesso de uma contrata\u00e7\u00e3o estava na busca pelo chamado &#8220;curr\u00edculo perfeito&#8221;. Forma\u00e7\u00e3o impec\u00e1vel, experi\u00eancia extensa, dom\u00ednio de idiomas, cursos internacionais e um hist\u00f3rico profissional sem falhas pareciam representar a f\u00f3rmula ideal para encontrar os melhores colaboradores. Entretanto, o mercado mudou. A [&hellip;]<\/p>\n","protected":false},"author":1,"featured_media":52290,"comment_status":"open","ping_status":"open","sticky":false,"template":"","format":"standard","meta":{"ngg_post_thumbnail":0,"footnotes":""},"categories":[2,30,31,41],"tags":[],"class_list":["post-52289","post","type-post","status-publish","format-standard","has-post-thumbnail","hentry","category-destaques","category-negocios","category-noticias","category-ultimasnoticias"],"_links":{"self":[{"href":"https:\/\/somdepapo.com.br\/portal\/wp-json\/wp\/v2\/posts\/52289","targetHints":{"allow":["GET"]}}],"collection":[{"href":"https:\/\/somdepapo.com.br\/portal\/wp-json\/wp\/v2\/posts"}],"about":[{"href":"https:\/\/somdepapo.com.br\/portal\/wp-json\/wp\/v2\/types\/post"}],"author":[{"embeddable":true,"href":"https:\/\/somdepapo.com.br\/portal\/wp-json\/wp\/v2\/users\/1"}],"replies":[{"embeddable":true,"href":"https:\/\/somdepapo.com.br\/portal\/wp-json\/wp\/v2\/comments?post=52289"}],"version-history":[{"count":1,"href":"https:\/\/somdepapo.com.br\/portal\/wp-json\/wp\/v2\/posts\/52289\/revisions"}],"predecessor-version":[{"id":52291,"href":"https:\/\/somdepapo.com.br\/portal\/wp-json\/wp\/v2\/posts\/52289\/revisions\/52291"}],"wp:featuredmedia":[{"embeddable":true,"href":"https:\/\/somdepapo.com.br\/portal\/wp-json\/wp\/v2\/media\/52290"}],"wp:attachment":[{"href":"https:\/\/somdepapo.com.br\/portal\/wp-json\/wp\/v2\/media?parent=52289"}],"wp:term":[{"taxonomy":"category","embeddable":true,"href":"https:\/\/somdepapo.com.br\/portal\/wp-json\/wp\/v2\/categories?post=52289"},{"taxonomy":"post_tag","embeddable":true,"href":"https:\/\/somdepapo.com.br\/portal\/wp-json\/wp\/v2\/tags?post=52289"}],"curies":[{"name":"wp","href":"https:\/\/api.w.org\/{rel}","templated":true}]}}