{"id":52292,"date":"2026-09-01T13:35:36","date_gmt":"2026-09-01T16:35:36","guid":{"rendered":"https:\/\/somdepapo.com.br\/portal\/?p=52292"},"modified":"2026-09-01T13:35:36","modified_gmt":"2026-09-01T16:35:36","slug":"cantor-silvanno-salles-apoia-time-de-futebol-do-suburbio","status":"publish","type":"post","link":"https:\/\/somdepapo.com.br\/portal\/cantor-silvanno-salles-apoia-time-de-futebol-do-suburbio\/","title":{"rendered":"Cantor Silvanno Salles apoia time de futebol do sub\u00farbio"},"content":{"rendered":"<p style=\"text-align: right;\">Por Gilberto Romano&nbsp;<\/p>\n<p style=\"text-align: justify;\">&nbsp;<\/p>\n<p style=\"text-align: justify;\">O \u00edcone do arrocha, Silvanno Salles, atrav\u00e9s da SS Entretenimento Digital Music, est\u00e1 abra\u00e7ando h\u00e1 quase dois anos o Projeto de Futebol Sele\u00e7\u00e3o de Plataforma, que trabalha com adolescentes de 11 \u00e0 17 anos, do bairro de Plataforma e Adjac\u00eancias no Sub\u00farbio Ferrovi\u00e1rio de Salvador.&nbsp;<\/p>\n<p style=\"text-align: justify;\">&nbsp;<\/p>\n<p style=\"text-align: justify;\">*_&#8221;Essa parceria com Silvanno tem um ano e meio. Foi eu que solicitei a ele umas camisas pra os atletas usarem pra viagens do projeto. A\u00ed, Silvanno quando pode sempre nos ajuda dentro das possibilidades dele, em nossas viagens, ajuda nas refei\u00e7\u00f5es dos atletas e comiss\u00e3o&#8230; Nossa miss\u00e3o \u00e9 formar atletas e cidad\u00e3os de bem.&#8221;_*, disse Ozeias Santana, presidente do projeto, fundado em 2008.<\/p>\n<p style=\"text-align: justify;\"><img fetchpriority=\"high\" decoding=\"async\" class=\"alignnone size-full wp-image-52293\" src=\"https:\/\/somdepapo.com.br\/portal\/wp-content\/uploads\/2026\/09\/IMG-20260831-WA0023.jpg\" alt=\"\" width=\"1151\" height=\"1600\" srcset=\"https:\/\/somdepapo.com.br\/portal\/wp-content\/uploads\/2026\/09\/IMG-20260831-WA0023.jpg 1151w, https:\/\/somdepapo.com.br\/portal\/wp-content\/uploads\/2026\/09\/IMG-20260831-WA0023-216x300.jpg 216w, https:\/\/somdepapo.com.br\/portal\/wp-content\/uploads\/2026\/09\/IMG-20260831-WA0023-737x1024.jpg 737w, https:\/\/somdepapo.com.br\/portal\/wp-content\/uploads\/2026\/09\/IMG-20260831-WA0023-768x1068.jpg 768w, https:\/\/somdepapo.com.br\/portal\/wp-content\/uploads\/2026\/09\/IMG-20260831-WA0023-1105x1536.jpg 1105w, https:\/\/somdepapo.com.br\/portal\/wp-content\/uploads\/2026\/09\/IMG-20260831-WA0023-150x209.jpg 150w, https:\/\/somdepapo.com.br\/portal\/wp-content\/uploads\/2026\/09\/IMG-20260831-WA0023-750x1043.jpg 750w, https:\/\/somdepapo.com.br\/portal\/wp-content\/uploads\/2026\/09\/IMG-20260831-WA0023-1140x1585.jpg 1140w\" sizes=\"(max-width: 1151px) 100vw, 1151px\" \/><\/p>\n<p style=\"text-align: justify;\">Os jovens , hoje nas categorias Sub-15 e Sub-17, treinam todas ter\u00e7a-feiras (das 18h \u00e0s 20h) e sextas-feiras (das 17h50 \u00e0s 19h50), na Arena Bigu\u00e1, na Rua dos Ferrovi\u00e1rios, no S\u00e3o Jo\u00e3o do Cabrito, em Plataforma.&nbsp;<\/p>\n<p style=\"text-align: justify;\">O pr\u00f3ximo jogo que o time disputar\u00e1 fora da Bahia ser\u00e1 no dia 26 de setembro, no est\u00e1dio Luiz\u00e3o, em Aracaju-SE. \u00c9 um amistoso avaliativo contra o time local DelRey Esporte Clube, que \u00e9 dirigido por Baiano, que foi coordenador da base do Esporte Clube Bahia e Esporte Clube Vit\u00f3ria, segundo informou Ozeias Santana. A partida ser\u00e1 avaliada por olheiros de grandes times em busca de novos talentos.&nbsp;<\/p>\n<p style=\"text-align: justify;\"><img decoding=\"async\" class=\"alignnone size-full wp-image-52294\" src=\"https:\/\/somdepapo.com.br\/portal\/wp-content\/uploads\/2026\/09\/IMG-20260831-WA0028.jpg\" alt=\"\" width=\"1600\" height=\"1200\" srcset=\"https:\/\/somdepapo.com.br\/portal\/wp-content\/uploads\/2026\/09\/IMG-20260831-WA0028.jpg 1600w, https:\/\/somdepapo.com.br\/portal\/wp-content\/uploads\/2026\/09\/IMG-20260831-WA0028-300x225.jpg 300w, https:\/\/somdepapo.com.br\/portal\/wp-content\/uploads\/2026\/09\/IMG-20260831-WA0028-1024x768.jpg 1024w, https:\/\/somdepapo.com.br\/portal\/wp-content\/uploads\/2026\/09\/IMG-20260831-WA0028-768x576.jpg 768w, https:\/\/somdepapo.com.br\/portal\/wp-content\/uploads\/2026\/09\/IMG-20260831-WA0028-1536x1152.jpg 1536w, https:\/\/somdepapo.com.br\/portal\/wp-content\/uploads\/2026\/09\/IMG-20260831-WA0028-150x113.jpg 150w, https:\/\/somdepapo.com.br\/portal\/wp-content\/uploads\/2026\/09\/IMG-20260831-WA0028-750x563.jpg 750w, https:\/\/somdepapo.com.br\/portal\/wp-content\/uploads\/2026\/09\/IMG-20260831-WA0028-1140x855.jpg 1140w\" sizes=\"(max-width: 1600px) 100vw, 1600px\" \/><\/p>\n<p style=\"text-align: justify;\">&#8220;Sempre precisamos de ajuda. Para essa viagem \u00e0 Aracaju por exemplo, precisamos alugar um \u00f4nibus, entre outros custos. Cada garoto contribui com R$ 30 mensais para a manuten\u00e7\u00e3o do projeto, como aluguel da arena onde treinamos, conserto de bola, \u00e1gua pra eles beberem, alimenta\u00e7\u00e3o, gelo e spray nas viagens&#8230; As vezes alguns deles nem conseguem contribuir.&#8221;*_, revelou Ozeias.<\/p>\n<p style=\"text-align: justify;\">&nbsp;<\/p>\n<p style=\"text-align: justify;\">_*&#8221;Sempre que posso, contribuo com esse projeto top que transforma jovens talentos em atletas, futuros craques do futebol baiano para brilharem nos gramados do Brasil e do mundo!!&#8221;*_, disse Silvanno Salles.&nbsp;<\/p>\n<p style=\"text-align: justify;\">&nbsp;<\/p>\n<p style=\"text-align: justify;\">&#8220;O Cantor Apaixonado&#8221; aproveitou a oportunidade para fazer um apelo a iniciativa privada e ao poder p\u00fablico para tamb\u00e9m ajudarem o projeto: _*&#8221; Fa\u00e7o um apelo para os empres\u00e1rios baianos , a prefeitura de Salvador e ao governo da Bahia para ajudarem tamb\u00e9m o Projeto de Futebol Sele\u00e7\u00e3o de Plataforma. Se cada um fizer sua parte, a sociedade , o poder p\u00fablico e privado, tudo flui positivamente nessa corrente do bem.&#8221;*_<\/p>\n<p style=\"text-align: justify;\">&nbsp;<\/p>\n<p style=\"text-align: justify;\">Quem quiser ajudar pode entrar em contato atrav\u00e9s do Instagram @projetoselecaodeplataforma08 ou atrav\u00e9s do WhatsApp do presidente Ozeias Santana: 71 9 9910-7729&nbsp;<\/p>\n<p style=\"text-align: justify;\">&nbsp;<\/p>\n<p style=\"text-align: justify;\">*Fotos e v\u00eddeos: Divulga\u00e7\u00e3o*&nbsp;<\/p>\n<p style=\"text-align: justify;\">&nbsp;<\/p>\n<p style=\"text-align: justify;\">*Adan Nascimento*&nbsp;<\/p>\n<p style=\"text-align: justify;\">*Assessoria de imprensa*&nbsp;<\/p>\n<p style=\"text-align: justify;\">Tel: 71 9 9112-4324 (liga\u00e7\u00f5es e WhatsApp)<\/p>\n<p style=\"text-align: justify;\">E-mail: adannascimento@yahoo.com.br&nbsp;<\/p>\n<p style=\"text-align: justify;\">Facebook: Adan Nascimento&nbsp;<\/p>\n<p style=\"text-align: justify;\">Instagram e X: @adannascimento&nbsp;<\/p>\n<p style=\"text-align: justify;\">*DEUS \u00c9 FIEL!!!*<\/p>\n","protected":false},"excerpt":{"rendered":"<p>Por Gilberto Romano&nbsp; &nbsp; O \u00edcone do arrocha, Silvanno Salles, atrav\u00e9s da SS Entretenimento Digital Music, est\u00e1 abra\u00e7ando h\u00e1 quase dois anos o Projeto de Futebol Sele\u00e7\u00e3o de Plataforma, que trabalha com adolescentes de 11 \u00e0 17 anos, do bairro de Plataforma e Adjac\u00eancias no Sub\u00farbio Ferrovi\u00e1rio de Salvador.&nbsp; &nbsp; *_&#8221;Essa parceria com Silvanno tem [&hellip;]<\/p>\n","protected":false},"author":1,"featured_media":52295,"comment_status":"open","ping_status":"open","sticky":false,"template":"","format":"standard","meta":{"ngg_post_thumbnail":0,"footnotes":""},"categories":[140,2,41],"tags":[],"class_list":["post-52292","post","type-post","status-publish","format-standard","has-post-thumbnail","hentry","category-bastidores","category-destaques","category-ultimasnoticias"],"_links":{"self":[{"href":"https:\/\/somdepapo.com.br\/portal\/wp-json\/wp\/v2\/posts\/52292","targetHints":{"allow":["GET"]}}],"collection":[{"href":"https:\/\/somdepapo.com.br\/portal\/wp-json\/wp\/v2\/posts"}],"about":[{"href":"https:\/\/somdepapo.com.br\/portal\/wp-json\/wp\/v2\/types\/post"}],"author":[{"embeddable":true,"href":"https:\/\/somdepapo.com.br\/portal\/wp-json\/wp\/v2\/users\/1"}],"replies":[{"embeddable":true,"href":"https:\/\/somdepapo.com.br\/portal\/wp-json\/wp\/v2\/comments?post=52292"}],"version-history":[{"count":1,"href":"https:\/\/somdepapo.com.br\/portal\/wp-json\/wp\/v2\/posts\/52292\/revisions"}],"predecessor-version":[{"id":52296,"href":"https:\/\/somdepapo.com.br\/portal\/wp-json\/wp\/v2\/posts\/52292\/revisions\/52296"}],"wp:featuredmedia":[{"embeddable":true,"href":"https:\/\/somdepapo.com.br\/portal\/wp-json\/wp\/v2\/media\/52295"}],"wp:attachment":[{"href":"https:\/\/somdepapo.com.br\/portal\/wp-json\/wp\/v2\/media?parent=52292"}],"wp:term":[{"taxonomy":"category","embeddable":true,"href":"https:\/\/somdepapo.com.br\/portal\/wp-json\/wp\/v2\/categories?post=52292"},{"taxonomy":"post_tag","embeddable":true,"href":"https:\/\/somdepapo.com.br\/portal\/wp-json\/wp\/v2\/tags?post=52292"}],"curies":[{"name":"wp","href":"https:\/\/api.w.org\/{rel}","templated":true}]}}