{"id":52298,"date":"2026-09-02T04:43:31","date_gmt":"2026-09-02T07:43:31","guid":{"rendered":"https:\/\/somdepapo.com.br\/portal\/?p=52298"},"modified":"2026-09-01T18:47:19","modified_gmt":"2026-09-01T21:47:19","slug":"quando-o-silencio-fala-seu-pet-percebe-quando-voce-nao-esta-bem","status":"publish","type":"post","link":"https:\/\/somdepapo.com.br\/portal\/quando-o-silencio-fala-seu-pet-percebe-quando-voce-nao-esta-bem\/","title":{"rendered":"Quando o sil\u00eancio fala: seu pet percebe quando voc\u00ea n\u00e3o est\u00e1 bem?"},"content":{"rendered":"<p style=\"text-align: right;\">Por Julio C\u00e9sar&nbsp;<\/p>\n<p style=\"text-align: justify;\">Quem convive com um cachorro ou gato sabe que, muitas vezes, parece que o animal consegue perceber coisas que ningu\u00e9m mais percebe. Ele se aproxima quando estamos mais quietos, fica ao nosso lado quando estamos tristes e, em alguns momentos, parece observar cada mudan\u00e7a em nosso comportamento. Mas ser\u00e1 que o pet realmente sabe quando o tutor n\u00e3o est\u00e1 bem?<\/p>\n<p style=\"text-align: justify;\">A resposta \u00e9 mais interessante do que parece.<\/p>\n<p style=\"text-align: justify;\">Eles percebem mudan\u00e7as em n\u00f3s<\/p>\n<p style=\"text-align: justify;\">C\u00e3es e gatos s\u00e3o muito atentos \u00e0 rotina e ao comportamento das pessoas com quem convivem. Eles podem perceber mudan\u00e7as na nossa voz, postura, movimenta\u00e7\u00e3o, rotina e at\u00e9 na maneira como interagimos com eles.<\/p>\n<p style=\"text-align: justify;\">Imagine um tutor que normalmente acorda cedo, brinca com o cachorro, sai para trabalhar e volta sempre no mesmo hor\u00e1rio. De repente, essa rotina muda. Ele passa a ficar mais quieto, deixa de brincar, dorme em hor\u00e1rios diferentes, fala menos com o animal ou permanece mais tempo isolado.<\/p>\n<p style=\"text-align: justify;\">O pet pode perceber que alguma coisa mudou. Isso n\u00e3o significa que ele compreenda exatamente o que est\u00e1 acontecendo ou que consiga identificar uma depress\u00e3o, ansiedade ou outro problema de sa\u00fade mental.<\/p>\n<p style=\"text-align: justify;\">O que ele percebe s\u00e3o as mudan\u00e7as no ambiente e no comportamento das pessoas ao seu redor.<\/p>\n<p style=\"text-align: justify;\">E essa diferen\u00e7a \u00e9 muito importante.<\/p>\n<p style=\"text-align: justify;\">O v\u00ednculo faz diferen\u00e7a<\/p>\n<p style=\"text-align: justify;\">A conviv\u00eancia cria uma esp\u00e9cie de comunica\u00e7\u00e3o silenciosa entre o animal e o tutor. O pet aprende os nossos h\u00e1bitos e n\u00f3s aprendemos os dele. Sabemos quando ele est\u00e1 querendo brincar, quando est\u00e1 com fome, quando quer carinho ou quando alguma coisa parece diferente.<\/p>\n<p style=\"text-align: justify;\">Da mesma maneira, ele tamb\u00e9m pode reconhecer padr\u00f5es do nosso comportamento. Por isso, durante per\u00edodos de maior sofrimento emocional, \u00e9 poss\u00edvel que o animal apresente algumas mudan\u00e7as.<\/p>\n<p style=\"text-align: justify;\">Pode ficar mais pr\u00f3ximo, procurar mais contato f\u00edsico, permanecer ao lado do tutor ou, dependendo do indiv\u00edduo, apresentar sinais de ansiedade ou altera\u00e7\u00f5es na pr\u00f3pria rotina. Cada animal reage de uma maneira. Essa \u00e9 uma quest\u00e3o fundamental.<\/p>\n<p style=\"text-align: justify;\">Os animais podem proporcionar companhia, afeto e momentos de conex\u00e3o, mas n\u00e3o devem ser considerados tratamento para problemas de sa\u00fade mental.<\/p>\n<p style=\"text-align: justify;\">Ter um pet envolve responsabilidade. Mesmo quando o tutor n\u00e3o est\u00e1 em um bom momento, o animal continua precisando de alimenta\u00e7\u00e3o, \u00e1gua, higiene, medicamentos quando prescritos, exerc\u00edcios, aten\u00e7\u00e3o e cuidados veterin\u00e1rios.<\/p>\n<p style=\"text-align: justify;\">Por isso, cuidar do pet pode ajudar a manter uma rotina, mas isso n\u00e3o significa que a pessoa deva enfrentar sozinha um momento dif\u00edcil.<\/p>\n<p style=\"text-align: justify;\">O amor de um animal pode fazer parte da nossa vida, mas n\u00e3o substitui o cuidado profissional.<\/p>\n<p style=\"text-align: justify;\">E o pet tamb\u00e9m pode sofrer com as mudan\u00e7as<\/p>\n<p style=\"text-align: justify;\">Existe outro lado dessa hist\u00f3ria que merece aten\u00e7\u00e3o. Quando a rotina da casa muda muito, o pr\u00f3prio animal pode apresentar altera\u00e7\u00f5es comportamentais. Alguns podem ficar mais ansiosos, agitados, dependentes ou retra\u00eddos.<\/p>\n<p style=\"text-align: justify;\">Outros podem apresentar mudan\u00e7as no apetite, sono, vocaliza\u00e7\u00e3o ou h\u00e1bitos de higiene. Por\u00e9m, assim como j\u00e1 falamos em outras mat\u00e9rias desta coluna, uma mudan\u00e7a de comportamento n\u00e3o deve ser automaticamente atribu\u00edda \u00e0 tristeza ou ao ambiente, as doen\u00e7as, altera\u00e7\u00f5es hormonais, problemas neurol\u00f3gicos, dor e diversas outras condi\u00e7\u00f5es tamb\u00e9m podem provocar mudan\u00e7as no comportamento. Se a altera\u00e7\u00e3o persistir, for intensa ou vier acompanhada de outros sinais, o ideal \u00e9 procurar um m\u00e9dico-veterin\u00e1rio.<\/p>\n<p style=\"text-align: justify;\">Cuidar tamb\u00e9m \u00e9 perceber<\/p>\n<p style=\"text-align: justify;\">Talvez a maior li\u00e7\u00e3o seja que o v\u00ednculo entre pessoas e animais funciona nos dois sentidos. N\u00f3s observamos nossos pets., eles tamb\u00e9m observam a nossa rotina. E, quando percebemos que nosso animal est\u00e1 diferente, isso pode ser um convite para prestar aten\u00e7\u00e3o n\u00e3o apenas nele, mas tamb\u00e9m no ambiente em que ele vive.<\/p>\n<p style=\"text-align: justify;\">Durante o Setembro Amarelo, falar sobre sa\u00fade emocional \u00e9 falar sobre acolhimento, aten\u00e7\u00e3o e preven\u00e7\u00e3o. Se voc\u00ea estiver passando por um momento dif\u00edcil, n\u00e3o precisa enfrentar isso sozinho. Converse com algu\u00e9m de confian\u00e7a e procure ajuda profissional.<\/p>\n<p style=\"text-align: justify;\">E se perceber que algu\u00e9m pr\u00f3ximo est\u00e1 sofrendo, n\u00e3o ignore os sinais. Uma conversa, uma escuta sem julgamentos e o incentivo para buscar ajuda podem fazer diferen\u00e7a. Seu pet pode estar ao seu lado nos momentos bons e ruins.<\/p>\n<p style=\"text-align: justify;\">Mas lembre-se:<\/p>\n<p style=\"text-align: justify;\">Ele pode oferecer companhia e carinho. Quem precisa de ajuda merece tamb\u00e9m encontrar pessoas preparadas para oferecer essa ajuda.<\/p>\n<p style=\"text-align: justify;\">Cuidar da sa\u00fade emocional tamb\u00e9m \u00e9 uma forma de cuidar da vida.<\/p>\n<p style=\"text-align: justify;\">*Julio Cesar \u00e9 M\u00e9dico Veterin\u00e1rio, especialista em Est\u00e9tica Animal, palestrante e terapeuta hol\u00edstico. Atua na promo\u00e7\u00e3o da sa\u00fade e do bem-estar animal, com foco em medicina preventiva, comportamento e orienta\u00e7\u00e3o de tutores, levando informa\u00e7\u00e3o de forma simples e acess\u00edvel para fortalecer o v\u00ednculo entre as fam\u00edlias e seus pets.<\/p>\n<p style=\"text-align: justify;\">&nbsp;<\/p>\n<p style=\"text-align: justify;\">&nbsp;<\/p>\n","protected":false},"excerpt":{"rendered":"<p>Por Julio C\u00e9sar&nbsp; Quem convive com um cachorro ou gato sabe que, muitas vezes, parece que o animal consegue perceber coisas que ningu\u00e9m mais percebe. Ele se aproxima quando estamos mais quietos, fica ao nosso lado quando estamos tristes e, em alguns momentos, parece observar cada mudan\u00e7a em nosso comportamento. Mas ser\u00e1 que o pet [&hellip;]<\/p>\n","protected":false},"author":1,"featured_media":52299,"comment_status":"open","ping_status":"open","sticky":false,"template":"","format":"standard","meta":{"ngg_post_thumbnail":0,"footnotes":""},"categories":[2,384,41],"tags":[],"class_list":["post-52298","post","type-post","status-publish","format-standard","has-post-thumbnail","hentry","category-destaques","category-medicina-veterinaria","category-ultimasnoticias"],"_links":{"self":[{"href":"https:\/\/somdepapo.com.br\/portal\/wp-json\/wp\/v2\/posts\/52298","targetHints":{"allow":["GET"]}}],"collection":[{"href":"https:\/\/somdepapo.com.br\/portal\/wp-json\/wp\/v2\/posts"}],"about":[{"href":"https:\/\/somdepapo.com.br\/portal\/wp-json\/wp\/v2\/types\/post"}],"author":[{"embeddable":true,"href":"https:\/\/somdepapo.com.br\/portal\/wp-json\/wp\/v2\/users\/1"}],"replies":[{"embeddable":true,"href":"https:\/\/somdepapo.com.br\/portal\/wp-json\/wp\/v2\/comments?post=52298"}],"version-history":[{"count":1,"href":"https:\/\/somdepapo.com.br\/portal\/wp-json\/wp\/v2\/posts\/52298\/revisions"}],"predecessor-version":[{"id":52300,"href":"https:\/\/somdepapo.com.br\/portal\/wp-json\/wp\/v2\/posts\/52298\/revisions\/52300"}],"wp:featuredmedia":[{"embeddable":true,"href":"https:\/\/somdepapo.com.br\/portal\/wp-json\/wp\/v2\/media\/52299"}],"wp:attachment":[{"href":"https:\/\/somdepapo.com.br\/portal\/wp-json\/wp\/v2\/media?parent=52298"}],"wp:term":[{"taxonomy":"category","embeddable":true,"href":"https:\/\/somdepapo.com.br\/portal\/wp-json\/wp\/v2\/categories?post=52298"},{"taxonomy":"post_tag","embeddable":true,"href":"https:\/\/somdepapo.com.br\/portal\/wp-json\/wp\/v2\/tags?post=52298"}],"curies":[{"name":"wp","href":"https:\/\/api.w.org\/{rel}","templated":true}]}}