{"id":52310,"date":"2026-09-02T03:56:48","date_gmt":"2026-09-02T06:56:48","guid":{"rendered":"https:\/\/somdepapo.com.br\/portal\/?p=52310"},"modified":"2026-09-01T18:59:12","modified_gmt":"2026-09-01T21:59:12","slug":"o-nosso-vinculo-com-os-animais-nos-momentos-dificeis-da-vida","status":"publish","type":"post","link":"https:\/\/somdepapo.com.br\/portal\/o-nosso-vinculo-com-os-animais-nos-momentos-dificeis-da-vida\/","title":{"rendered":"O nosso v\u00ednculo com os animais nos momentos dificeis da vida"},"content":{"rendered":"<p style=\"text-align: justify;\">Quando a presen\u00e7a de um animal faz diferen\u00e7a?<\/p>\n<p style=\"text-align: justify;\">O que o v\u00ednculo com um animal pode representar nos momentos dif\u00edceis da vida<\/p>\n<p style=\"text-align: justify;\">*Por Carla Perin<\/p>\n<p style=\"text-align: justify;\">@cacaperin<\/p>\n<p style=\"text-align: justify;\">Setembro chega vestido de amarelo e nos convida a falar sobre sa\u00fade mental, sofrimento emocional e, principalmente, sobre a import\u00e2ncia de n\u00e3o atravessarmos sozinhos os momentos dif\u00edceis da vida. E talvez exista uma presen\u00e7a que tamb\u00e9m mere\u00e7a fazer parte dessa conversa. Aquela que n\u00e3o pergunta o que aconteceu. N\u00e3o exige explica\u00e7\u00f5es. N\u00e3o espera que voc\u00ea esteja bem para se aproximar. Apenas fica. Quem j\u00e1 atravessou um per\u00edodo de tristeza, solid\u00e3o, luto ou grandes mudan\u00e7as talvez saiba exatamente do que estou falando. \u00c0s vezes, em um dia em que n\u00e3o queremos conversar com ningu\u00e9m, ainda levantamos porque existe um cachorro esperando para sair. Colocamos comida no potinho. Trocamos a \u00e1gua. Abrimos a porta. Sentamos no sof\u00e1 e, alguns minutos depois, sentimos uma cabe\u00e7a encostando na nossa perna. A rela\u00e7\u00e3o entre seres humanos e animais vem sendo cada vez mais estudada pela ci\u00eancia. Sabemos que uma conviv\u00eancia positiva com animais pode estar associada a companhia, intera\u00e7\u00e3o social, atividade f\u00edsica, rotina e sensa\u00e7\u00e3o de apoio emocional. Mas \u00e9 importante n\u00e3o romantizar. E nem todas as rela\u00e7\u00f5es entre pessoas e animais produzem os mesmos efeitos. Ainda assim, para muitas pessoas, cuidar de um animal cria algo muito importante nos per\u00edodos dif\u00edceis. N\u00f3s, humanos, frequentemente aprendemos a esconder nossas fragilidades. Respondemos \u201cest\u00e1 tudo bem\u201d quando n\u00e3o est\u00e1. Continuamos trabalhando. Sorrimos. Cumprimos compromissos. Tentamos n\u00e3o preocupar ningu\u00e9m. Com os animais, muitas dessas defesas perdem a fun\u00e7\u00e3o. Podemos simplesmente sentar em sil\u00eancio. Na vis\u00e3o sist\u00eamica, pertencimento \u00e9 uma necessidade fundamental. Todos precisamos experimentar, de alguma maneira, que fazemos parte de algo. Uma fam\u00edlia. Um grupo. Uma hist\u00f3ria. Uma rela\u00e7\u00e3o. E os animais passaram a ocupar um lugar muito particular nas fam\u00edlias contempor\u00e2neas. Hoje falamos em fam\u00edlias multiesp\u00e9cie justamente porque, em muitos lares,<\/p>\n<p style=\"text-align: justify;\">eles n\u00e3o est\u00e3o apenas dentro da casa: fazem parte da vida afetiva daquela fam\u00edlia. Talvez por isso a aus\u00eancia deles doa tanto. E talvez por isso a presen\u00e7a deles possa significar tanto nos dias dif\u00edceis. Existe uma troca silenciosa: Mas existe tamb\u00e9m um cuidado importante nessa rela\u00e7\u00e3o. Nosso animal pode caminhar conosco durante uma fase dif\u00edcil, oferecer companhia e fazer parte da nossa rede afetiva. O que ele n\u00e3o deve receber \u00e9 a responsabilidade de nos salvar. Essa responsabilidade \u00e9 grande demais para qualquer v\u00ednculo \u2014 humano ou animal. Pedir ajuda continua sendo um gesto necess\u00e1rio quando o sofrimento ultrapassa aquilo que conseguimos sustentar sozinhos. Nem sempre conseguimos perceber quando algu\u00e9m est\u00e1 lutando silenciosamente para continuar. \u00c0s vezes essa pessoa est\u00e1 perto de n\u00f3s. Trabalha conosco. Mora conosco. Sorri para n\u00f3s. Por isso, setembro Amarelo n\u00e3o precisa ser apenas um m\u00eas para falar sobre sofrimento. Pode ser tamb\u00e9m um convite para olharmos uns para os outros com um pouco mais de presen\u00e7a. Curiosamente, nossos animais fazem isso conosco todos os dias. Eles nos chamam para o agora. Para o passeio. Para o toque. Para a rotina. Para a vida acontecendo exatamente neste instante. E talvez seja essa a mensagem que a Alma Animal queira deixar na abertura deste setembro Amarelo: Nesses momentos, v\u00ednculos importam. Presen\u00e7a importa. Pedir ajuda importa. E, algumas vezes, entre os muitos fios que ainda nos conectam \u00e0 vida, existem quatro patas caminhando silenciosamente ao nosso lado.<\/p>\n<p style=\"text-align: justify;\">*Carla Perin<\/p>\n<p style=\"text-align: justify;\">M\u00e9dica Veterin\u00e1ria Sist\u00eamica<\/p>\n<p style=\"text-align: justify;\">Terapeuta Multiesp\u00e9cie<\/p>\n<p style=\"text-align: justify;\">Um olhar sist\u00eamico sobre o v\u00ednculo entre humanos e animais<\/p>\n<p style=\"text-align: justify;\">&nbsp;<\/p>\n<p style=\"text-align: justify;\">&nbsp;<\/p>\n","protected":false},"excerpt":{"rendered":"<p>Quando a presen\u00e7a de um animal faz diferen\u00e7a? O que o v\u00ednculo com um animal pode representar nos momentos dif\u00edceis da vida *Por Carla Perin @cacaperin Setembro chega vestido de amarelo e nos convida a falar sobre sa\u00fade mental, sofrimento emocional e, principalmente, sobre a import\u00e2ncia de n\u00e3o atravessarmos sozinhos os momentos dif\u00edceis da vida. [&hellip;]<\/p>\n","protected":false},"author":1,"featured_media":52311,"comment_status":"open","ping_status":"open","sticky":false,"template":"","format":"standard","meta":{"ngg_post_thumbnail":0,"footnotes":""},"categories":[2,374,41],"tags":[],"class_list":["post-52310","post","type-post","status-publish","format-standard","has-post-thumbnail","hentry","category-destaques","category-pet-2","category-ultimasnoticias"],"_links":{"self":[{"href":"https:\/\/somdepapo.com.br\/portal\/wp-json\/wp\/v2\/posts\/52310","targetHints":{"allow":["GET"]}}],"collection":[{"href":"https:\/\/somdepapo.com.br\/portal\/wp-json\/wp\/v2\/posts"}],"about":[{"href":"https:\/\/somdepapo.com.br\/portal\/wp-json\/wp\/v2\/types\/post"}],"author":[{"embeddable":true,"href":"https:\/\/somdepapo.com.br\/portal\/wp-json\/wp\/v2\/users\/1"}],"replies":[{"embeddable":true,"href":"https:\/\/somdepapo.com.br\/portal\/wp-json\/wp\/v2\/comments?post=52310"}],"version-history":[{"count":1,"href":"https:\/\/somdepapo.com.br\/portal\/wp-json\/wp\/v2\/posts\/52310\/revisions"}],"predecessor-version":[{"id":52312,"href":"https:\/\/somdepapo.com.br\/portal\/wp-json\/wp\/v2\/posts\/52310\/revisions\/52312"}],"wp:featuredmedia":[{"embeddable":true,"href":"https:\/\/somdepapo.com.br\/portal\/wp-json\/wp\/v2\/media\/52311"}],"wp:attachment":[{"href":"https:\/\/somdepapo.com.br\/portal\/wp-json\/wp\/v2\/media?parent=52310"}],"wp:term":[{"taxonomy":"category","embeddable":true,"href":"https:\/\/somdepapo.com.br\/portal\/wp-json\/wp\/v2\/categories?post=52310"},{"taxonomy":"post_tag","embeddable":true,"href":"https:\/\/somdepapo.com.br\/portal\/wp-json\/wp\/v2\/tags?post=52310"}],"curies":[{"name":"wp","href":"https:\/\/api.w.org\/{rel}","templated":true}]}}