{"id":52313,"date":"2026-09-02T04:59:52","date_gmt":"2026-09-02T07:59:52","guid":{"rendered":"https:\/\/somdepapo.com.br\/portal\/?p=52313"},"modified":"2026-09-01T19:02:36","modified_gmt":"2026-09-01T22:02:36","slug":"diagnostico-do-cancer-quanto-tempo-o-sus-tem-para-iniciar-o-seu-tratamento","status":"publish","type":"post","link":"https:\/\/somdepapo.com.br\/portal\/diagnostico-do-cancer-quanto-tempo-o-sus-tem-para-iniciar-o-seu-tratamento\/","title":{"rendered":"Diagn\u00f3stico do C\u00e2ncer: quanto tempo o SUS tem para iniciar o seu tratamento?"},"content":{"rendered":"<p style=\"text-align: right;\">Por Monica Mart\u00edrio<\/p>\n<p style=\"text-align: right;\">@monica.advogadadasaude<\/p>\n<p style=\"text-align: justify;\">&nbsp;<\/p>\n<p style=\"text-align: justify;\">Tem um tipo de cansa\u00e7o que s\u00f3 quem j\u00e1 brigou com uma operadora de plano de sa\u00fade no meio de um tratamento oncol\u00f3gico conhece. N\u00e3o \u00e9 s\u00f3 a doen\u00e7a. \u00c9 a liga\u00e7\u00e3o que n\u00e3o resolve, o protocolo que some, o \u201cvamos analisar\u201d que dura semanas, o exame remarcado tr\u00eas vezes.<\/p>\n<p style=\"text-align: justify;\">Muita gente pergunta, nesse momento: d\u00e1 para ser indenizado por tudo isso? A resposta honesta \u00e9: depende. E entender o que pesa nessa conta evita tanto a desist\u00eancia de quem tinha direito quanto a expectativa de quem n\u00e3o tinha.<\/p>\n<p style=\"text-align: justify;\">Negar Cobertura N\u00e3o Vira Indeniza\u00e7\u00e3o Automaticamente<\/p>\n<p style=\"text-align: justify;\">O Superior Tribunal de Justi\u00e7a decidiu recentemente, em julgamento de repercuss\u00e3o nacional (Tema 1.365), que a simples recusa indevida de cobertura pela operadora n\u00e3o gera, por si s\u00f3, direito \u00e0 indeniza\u00e7\u00e3o por dano moral.&nbsp;<\/p>\n<p style=\"text-align: justify;\">Nas palavras do relator, ministro Villas B\u00f4as Cueva, \u00e9 \u201cimprescind\u00edvel a presen\u00e7a de outros elementos que permitam constatar a altera\u00e7\u00e3o an\u00edmica da v\u00edtima em grau suficiente para ultrapassar o mero aborrecimento ou dissabor\u201d. Ou seja: o \u201cn\u00e3o\u201d da operadora, sozinho, \u00e9 motivo para brigar pelo tratamento mas n\u00e3o \u00e9, sozinho, motivo autom\u00e1tico de indeniza\u00e7\u00e3o.<\/p>\n<p style=\"text-align: justify;\">Isso pode soar como m\u00e1 not\u00edcia, mas \u00e9 o oposto de uma armadilha: \u00e9 uma informa\u00e7\u00e3o que evita frustra\u00e7\u00e3o. Prometer indeniza\u00e7\u00e3o certa em qualquer negativa seria enganar quem j\u00e1 est\u00e1 exausto.&nbsp;<\/p>\n<p style=\"text-align: justify;\">O que existe, de fato, \u00e9 um caminho mais estreito e mais criterioso e \u00e9 nele que vale investir energia.<\/p>\n<p style=\"text-align: justify;\">Quando a Demora Deixa de Ser S\u00f3 Burocracia<\/p>\n<p style=\"text-align: justify;\">O pr\u00f3prio STJ apontou, no mesmo julgamento, as situa\u00e7\u00f5es em que a repara\u00e7\u00e3o costuma ser reconhecida: quando h\u00e1 risco \u00e0 vida, quando a negativa recai sobre procedimento claramente previsto no contrato, quando existe comprova\u00e7\u00e3o de sofrimento relevante, ou quando a operadora repete o comportamento abusivo de forma reiterada.&nbsp;<\/p>\n<p style=\"text-align: justify;\">O tribunal tamb\u00e9m reconhece o direito \u00e0 indeniza\u00e7\u00e3o em casos de cancelamento unilateral indevido do plano e, de forma especialmente relevante para quem enfrenta c\u00e2ncer, na recusa em situa\u00e7\u00f5es de urg\u00eancia ou emerg\u00eancia que agravam o estado de sa\u00fade do paciente, com reflexos psicol\u00f3gicos comprov\u00e1veis.<\/p>\n<p style=\"text-align: justify;\">\u00c9 aqui que a experi\u00eancia oncol\u00f3gica pesa de um jeito particular: um exame de estadiamento atrasado, uma cirurgia adiada, uma quimioterapia interrompida no meio do ciclo n\u00e3o s\u00e3o \u201capenas\u201d contratempos administrativos, s\u00e3o situa\u00e7\u00f5es em que o tempo perdido pode significar avan\u00e7o da doen\u00e7a.&nbsp;<\/p>\n<p style=\"text-align: justify;\">Quando essa rela\u00e7\u00e3o fica documentada, a demora deixa de ser s\u00f3 burocracia e passa a ser, juridicamente, dano.<\/p>\n<p style=\"text-align: justify;\">O Que Transforma a Espera em Prova<\/p>\n<p style=\"text-align: justify;\">Relat\u00f3rio do m\u00e9dico assistente descrevendo, com data, o risco concreto que o atraso representou para o quadro cl\u00ednico, n\u00e3o basta dizer que houve demora, \u00e9 preciso mostrar o que ela custou.<\/p>\n<p style=\"text-align: justify;\">Registro de cada contato com a operadora: protocolo, data, nome de quem atendeu, resposta recebida. A pr\u00e1tica reiterada de negar ou empurrar prazos s\u00f3 se prova com sequ\u00eancia documentada.<\/p>\n<p style=\"text-align: justify;\">Se houver impacto emocional relevante, como ins\u00f4nia, crise de ansiedade, agravamento de quadro psicol\u00f3gico, relat\u00f3rio psicol\u00f3gico ou psiqui\u00e1trico ajuda a demonstrar que a situa\u00e7\u00e3o ultrapassou o aborrecimento comum.<\/p>\n<p style=\"text-align: justify;\">C\u00f3pia da negativa por escrito, ou prova de que ela foi verbal e n\u00e3o formalizada, a recusa em colocar a negativa no papel tamb\u00e9m costuma pesar contra a operadora.<\/p>\n<p style=\"text-align: justify;\">Nem Toda Espera Vira Processo, Mas Toda Espera Merece Ser Documentada<\/p>\n<p style=\"text-align: justify;\">A li\u00e7\u00e3o pr\u00e1tica de tudo isso \u00e9 simples: n\u00e3o \u00e9 poss\u00edvel saber, no calor da negativa, se aquele epis\u00f3dio vai ou n\u00e3o gerar direito \u00e0 indeniza\u00e7\u00e3o.&nbsp;<\/p>\n<p style=\"text-align: justify;\">Mas \u00e9 sempre poss\u00edvel, e sempre vale a pena documentar como se fosse virar. Quem guarda os protocolos, os laudos, as datas, chega \u00e0 conversa com um advogado numa posi\u00e7\u00e3o muito mais forte do que quem s\u00f3 guarda a lembran\u00e7a da ang\u00fastia.<\/p>\n<p style=\"text-align: justify;\">Se voc\u00ea est\u00e1 enfrentando demora ou negativa num tratamento oncol\u00f3gico, comece agora a reunir essa documenta\u00e7\u00e3o, mesmo antes de decidir se vai procurar um advogado.&nbsp;<\/p>\n<p style=\"text-align: justify;\">Ela \u00e9 o que separa uma indeniza\u00e7\u00e3o reconhecida de uma indeniza\u00e7\u00e3o negada.<\/p>\n<p style=\"text-align: justify;\">&nbsp;<\/p>\n<p style=\"text-align: justify;\">***<\/p>\n<p style=\"text-align: justify;\">&nbsp;<\/p>\n<p style=\"text-align: justify;\">Sobre a Autora: Monica Mart\u00edrio \u00e9 advogada especializada em Direito da Sa\u00fade, com atua\u00e7\u00e3o voltada especialmente \u00e0 defesa de pacientes oncol\u00f3gicos que enfrentam negativas de cobertura por plano de sa\u00fade. Sua atua\u00e7\u00e3o combina t\u00e9cnica jur\u00eddica e sensibilidade humana, buscando garantir que cada paciente tenha acesso ao exame, medicamento ou tratamento indicado pelo m\u00e9dico. Acredita que informa\u00e7\u00e3o, acolhimento e justi\u00e7a tamb\u00e9m fazem parte do tratamento e dedica sua carreira a transformar o medo diante de uma negativa em esperan\u00e7a e a\u00e7\u00e3o concreta.<\/p>\n<p style=\"text-align: justify;\">&nbsp;<\/p>\n<p style=\"text-align: justify;\">&nbsp;<\/p>\n<p style=\"text-align: justify;\">&nbsp;<\/p>\n<p style=\"text-align: justify;\">&nbsp;<\/p>\n<p style=\"text-align: justify;\">&nbsp;<\/p>\n","protected":false},"excerpt":{"rendered":"<p>Por Monica Mart\u00edrio @monica.advogadadasaude &nbsp; Tem um tipo de cansa\u00e7o que s\u00f3 quem j\u00e1 brigou com uma operadora de plano de sa\u00fade no meio de um tratamento oncol\u00f3gico conhece. N\u00e3o \u00e9 s\u00f3 a doen\u00e7a. \u00c9 a liga\u00e7\u00e3o que n\u00e3o resolve, o protocolo que some, o \u201cvamos analisar\u201d que dura semanas, o exame remarcado tr\u00eas vezes. [&hellip;]<\/p>\n","protected":false},"author":1,"featured_media":52314,"comment_status":"open","ping_status":"open","sticky":false,"template":"","format":"standard","meta":{"ngg_post_thumbnail":0,"footnotes":""},"categories":[2,418,41],"tags":[],"class_list":["post-52313","post","type-post","status-publish","format-standard","has-post-thumbnail","hentry","category-destaques","category-direito-e-oncologia","category-ultimasnoticias"],"_links":{"self":[{"href":"https:\/\/somdepapo.com.br\/portal\/wp-json\/wp\/v2\/posts\/52313","targetHints":{"allow":["GET"]}}],"collection":[{"href":"https:\/\/somdepapo.com.br\/portal\/wp-json\/wp\/v2\/posts"}],"about":[{"href":"https:\/\/somdepapo.com.br\/portal\/wp-json\/wp\/v2\/types\/post"}],"author":[{"embeddable":true,"href":"https:\/\/somdepapo.com.br\/portal\/wp-json\/wp\/v2\/users\/1"}],"replies":[{"embeddable":true,"href":"https:\/\/somdepapo.com.br\/portal\/wp-json\/wp\/v2\/comments?post=52313"}],"version-history":[{"count":1,"href":"https:\/\/somdepapo.com.br\/portal\/wp-json\/wp\/v2\/posts\/52313\/revisions"}],"predecessor-version":[{"id":52315,"href":"https:\/\/somdepapo.com.br\/portal\/wp-json\/wp\/v2\/posts\/52313\/revisions\/52315"}],"wp:featuredmedia":[{"embeddable":true,"href":"https:\/\/somdepapo.com.br\/portal\/wp-json\/wp\/v2\/media\/52314"}],"wp:attachment":[{"href":"https:\/\/somdepapo.com.br\/portal\/wp-json\/wp\/v2\/media?parent=52313"}],"wp:term":[{"taxonomy":"category","embeddable":true,"href":"https:\/\/somdepapo.com.br\/portal\/wp-json\/wp\/v2\/categories?post=52313"},{"taxonomy":"post_tag","embeddable":true,"href":"https:\/\/somdepapo.com.br\/portal\/wp-json\/wp\/v2\/tags?post=52313"}],"curies":[{"name":"wp","href":"https:\/\/api.w.org\/{rel}","templated":true}]}}