{"id":52317,"date":"2026-09-02T03:06:52","date_gmt":"2026-09-02T06:06:52","guid":{"rendered":"https:\/\/somdepapo.com.br\/portal\/?p=52317"},"modified":"2026-09-01T19:10:20","modified_gmt":"2026-09-01T22:10:20","slug":"por-que-sinto-mais-fome-quando-estou-estressado-entenda-a-relacao-entre-estresse-e-fome-emocional","status":"publish","type":"post","link":"https:\/\/somdepapo.com.br\/portal\/por-que-sinto-mais-fome-quando-estou-estressado-entenda-a-relacao-entre-estresse-e-fome-emocional\/","title":{"rendered":"Por que sinto mais fome quando estou estressado? Entenda a rela\u00e7\u00e3o entre Estresse e Fome Emocional"},"content":{"rendered":"<p style=\"text-align: right;\">Por Henrique Carvalho&nbsp;<\/p>\n<p style=\"text-align: justify;\">Categoria: Nutri\u00e7\u00e3o e Sa\u00fade Mental \/ Comportamento Alimentar<\/p>\n<p style=\"text-align: justify;\">Voc\u00ea j\u00e1 reparou que, em dias mais exaustivos, ansiosos ou estressantes, a vontade de consumir alimentos cal\u00f3ricos aumenta significativamente? Essa rea\u00e7\u00e3o n\u00e3o \u00e9 mera coincid\u00eancia ou falta de disciplina \u2014 trata-se de um processo biol\u00f3gico e emocional complexo.<\/p>\n<p style=\"text-align: justify;\">Atualmente, o n\u00famero de pessoas que sofrem de estresse cr\u00f4nico e, consequentemente, desenvolvem defici\u00eancias nutricionais e h\u00e1bitos alimentares inadequados \u00e9 cada vez maior. Entender como as emo\u00e7\u00f5es impactam nosso apetite \u00e9 o primeiro passo para construir uma rela\u00e7\u00e3o mais saud\u00e1vel com a comida.<\/p>\n<p style=\"text-align: justify;\">A Busca por Recompensa e a Resposta Neuroqu\u00edmica<\/p>\n<p style=\"text-align: justify;\">Quando enfrentamos momentos de tristeza, ansiedade ou irrita\u00e7\u00e3o, o c\u00e9rebro busca instintivamente uma situa\u00e7\u00e3o de conforto e recompensa para aliviar a sensa\u00e7\u00e3o de mal-estar. Nesses momentos, surge a prefer\u00eancia por alimentos altamente cal\u00f3ricos e ricos em a\u00e7\u00facares e gorduras.<\/p>\n<p style=\"text-align: justify;\">Essa prefer\u00eancia tem uma explica\u00e7\u00e3o fisiol\u00f3gica clara: em situa\u00e7\u00f5es de estresse, o organismo altera sua produ\u00e7\u00e3o hormonal e neuroqu\u00edmica:<\/p>\n<p style=\"text-align: justify;\">Aumento de Cortisol e Adrenalina: Horm\u00f4nios que preparam o corpo para lidar com amea\u00e7as e estressores.<\/p>\n<p style=\"text-align: justify;\">Redu\u00e7\u00e3o da Serotonina: Neurotransmissor respons\u00e1vel pela sensa\u00e7\u00e3o de bem-estar, regula\u00e7\u00e3o do humor e saciedade.<\/p>\n<p style=\"text-align: justify;\">Essa combina\u00e7\u00e3o dispara o sinal de que algo desconfort\u00e1vel est\u00e1 acontecendo no corpo, reduzindo nossa capacidade de agir racionalmente diante da comida e abrindo espa\u00e7o para a fome emocional.<\/p>\n<p style=\"text-align: justify;\">O Que \u00c9 a Fome Emocional?<\/p>\n<p style=\"text-align: justify;\">A fome emocional ocorre quando comemos n\u00e3o porque o nosso corpo necessita de nutrientes ou energia f\u00edsica, mas sim como uma resposta a um estado emocional. Trata-se de utilizar a alimenta\u00e7\u00e3o para preencher lacunas de sentimentos como estresse, solid\u00e3o, frustra\u00e7\u00e3o ou ansiedade.<\/p>\n<p style=\"text-align: justify;\">Importante: O alimento pode proporcionar uma al\u00edvio moment\u00e2neo, mas ele n\u00e3o resolve a causa do estresse. Comer emocionalmente apenas camufla o problema temporariamente e pode gerar novos desafios, como o sentimento de culpa ou preju\u00edzos \u00e0 sa\u00fade f\u00edsica e metab\u00f3lica.<\/p>\n<p style=\"text-align: justify;\">Como Lidar com a Fome Emocional no Dia a Dia?<\/p>\n<p style=\"text-align: justify;\">Desenvolva a Autoconsci\u00eancia: Aprenda a identificar quando est\u00e1 com fome f\u00edsica (fisiol\u00f3gica) e quando est\u00e1 com fome emocional desencadeada pelo estresse.<\/p>\n<p style=\"text-align: justify;\">Evite a Autoculpabiliza\u00e7\u00e3o: Lembre-se de n\u00e3o se culpar por nem sempre fazer as melhores escolhas alimentares. Oscila\u00e7\u00f5es acontecem e fazem parte da rotina.<\/p>\n<p style=\"text-align: justify;\">Busque Alternativas para o Al\u00edvio do Estresse: Pr\u00e1ticas como exerc\u00edcios f\u00edsicos, momentos de lazer, boa higiene do sono e t\u00e9cnicas de respira\u00e7\u00e3o auxiliam na regula\u00e7\u00e3o do cortisol e da serotonina.<\/p>\n<p style=\"text-align: justify;\">Consulte um Profissional: Se o estresse tem impactado constantemente sua alimenta\u00e7\u00e3o e qualidade de vida, buscar acompanhamento com um nutricionista e\/ou psic\u00f3logo \u00e9 fundamental para um tratamento adequado e personalizado.<\/p>\n<p style=\"text-align: justify;\">Gostou deste conte\u00fado? Compartilhe este artigo com algu\u00e9m que precisa entender melhor esse processo e deixe suas d\u00favidas nos coment\u00e1rios!<\/p>\n<p style=\"text-align: justify;\">Sobre o autor<\/p>\n<p style=\"text-align: justify;\">Dr. Henrique Carvalho \u00e9 nutricionista cl\u00ednico e esportivo (CRN-5 23357), p\u00f3s-graduado em Nutri\u00e7\u00e3o Esportiva, Sa\u00fade da Mulher e Fitoterapia. Atua com atendimento presencial em Aracaju (SE) e consultas on-line para pacientes de todo o Brasil e brasileiros no exterior.<\/p>\n<p style=\"text-align: justify;\">Seu trabalho \u00e9 baseado em uma nutri\u00e7\u00e3o humanizada e descomplicada, sem terrorismo nutricional, ajudando seus pacientes a emagrecer, melhorar a composi\u00e7\u00e3o corporal, preservar massa muscular e desenvolver h\u00e1bitos saud\u00e1veis de forma sustent\u00e1vel.<\/p>\n<p style=\"text-align: justify;\">Se voc\u00ea deseja receber uma orienta\u00e7\u00e3o nutricional personalizada, agende sua consulta e conte com um acompanhamento baseado em evid\u00eancias cient\u00edficas e adaptado \u00e0 sua rotina.<\/p>\n<p style=\"text-align: justify;\">Whatsapp para agendamento: 79 9 8804-2100<\/p>\n<p style=\"text-align: justify;\">&nbsp;<\/p>\n<p style=\"text-align: justify;\">&nbsp;<\/p>\n<p style=\"text-align: justify;\">&nbsp;<\/p>\n","protected":false},"excerpt":{"rendered":"<p>Por Henrique Carvalho&nbsp; Categoria: Nutri\u00e7\u00e3o e Sa\u00fade Mental \/ Comportamento Alimentar Voc\u00ea j\u00e1 reparou que, em dias mais exaustivos, ansiosos ou estressantes, a vontade de consumir alimentos cal\u00f3ricos aumenta significativamente? Essa rea\u00e7\u00e3o n\u00e3o \u00e9 mera coincid\u00eancia ou falta de disciplina \u2014 trata-se de um processo biol\u00f3gico e emocional complexo. Atualmente, o n\u00famero de pessoas que [&hellip;]<\/p>\n","protected":false},"author":1,"featured_media":52318,"comment_status":"open","ping_status":"open","sticky":false,"template":"","format":"standard","meta":{"ngg_post_thumbnail":0,"footnotes":""},"categories":[2,31,34,41],"tags":[],"class_list":["post-52317","post","type-post","status-publish","format-standard","has-post-thumbnail","hentry","category-destaques","category-noticias","category-nutricao","category-ultimasnoticias"],"_links":{"self":[{"href":"https:\/\/somdepapo.com.br\/portal\/wp-json\/wp\/v2\/posts\/52317","targetHints":{"allow":["GET"]}}],"collection":[{"href":"https:\/\/somdepapo.com.br\/portal\/wp-json\/wp\/v2\/posts"}],"about":[{"href":"https:\/\/somdepapo.com.br\/portal\/wp-json\/wp\/v2\/types\/post"}],"author":[{"embeddable":true,"href":"https:\/\/somdepapo.com.br\/portal\/wp-json\/wp\/v2\/users\/1"}],"replies":[{"embeddable":true,"href":"https:\/\/somdepapo.com.br\/portal\/wp-json\/wp\/v2\/comments?post=52317"}],"version-history":[{"count":1,"href":"https:\/\/somdepapo.com.br\/portal\/wp-json\/wp\/v2\/posts\/52317\/revisions"}],"predecessor-version":[{"id":52319,"href":"https:\/\/somdepapo.com.br\/portal\/wp-json\/wp\/v2\/posts\/52317\/revisions\/52319"}],"wp:featuredmedia":[{"embeddable":true,"href":"https:\/\/somdepapo.com.br\/portal\/wp-json\/wp\/v2\/media\/52318"}],"wp:attachment":[{"href":"https:\/\/somdepapo.com.br\/portal\/wp-json\/wp\/v2\/media?parent=52317"}],"wp:term":[{"taxonomy":"category","embeddable":true,"href":"https:\/\/somdepapo.com.br\/portal\/wp-json\/wp\/v2\/categories?post=52317"},{"taxonomy":"post_tag","embeddable":true,"href":"https:\/\/somdepapo.com.br\/portal\/wp-json\/wp\/v2\/tags?post=52317"}],"curies":[{"name":"wp","href":"https:\/\/api.w.org\/{rel}","templated":true}]}}