{"id":52328,"date":"2026-09-02T14:10:21","date_gmt":"2026-09-02T17:10:21","guid":{"rendered":"https:\/\/somdepapo.com.br\/portal\/?p=52328"},"modified":"2026-09-02T14:10:21","modified_gmt":"2026-09-02T17:10:21","slug":"a-arte-urbana-ganha-novo-espaco-na-zona-leste-de-sao-paulo","status":"publish","type":"post","link":"https:\/\/somdepapo.com.br\/portal\/a-arte-urbana-ganha-novo-espaco-na-zona-leste-de-sao-paulo\/","title":{"rendered":"A arte urbana ganha novo espa\u00e7o na Zona Leste de S\u00e3o Paulo"},"content":{"rendered":"<p style=\"text-align: right;\">Por L\u00edvia Rosa<\/p>\n<p style=\"text-align: justify;\">&nbsp;<\/p>\n<p style=\"text-align: justify;\">Projeto re\u00fane o grafiteiro Waldir Grisolia e artistas locais em uma iniciativa de valoriza\u00e7\u00e3o da arte urbana e da cultura perif\u00e9rica<\/p>\n<p style=\"text-align: justify;\">&nbsp;<\/p>\n<p style=\"text-align: justify;\">A arte urbana continua ampliando seus espa\u00e7os de express\u00e3o em S\u00e3o Paulo. Um projeto que re\u00fane o trabalho do talentoso grafiteiro Waldir Grisolia e a participa\u00e7\u00e3o de artistas locais da capital paulista chega \u00e0 Zona Leste com a cria\u00e7\u00e3o de um novo mural em Ermelino Matarazzo.<\/p>\n<p style=\"text-align: justify;\">&nbsp;<\/p>\n<p style=\"text-align: justify;\">A iniciativa representa mais um passo na expans\u00e3o do movimento art\u00edstico que vem ocupando espa\u00e7os p\u00fablicos e transformando paisagens por meio do grafite e da arte mural. A proposta tamb\u00e9m busca valorizar os artistas locais, aproximando a produ\u00e7\u00e3o cultural da popula\u00e7\u00e3o e levando novas possibilidades de express\u00e3o art\u00edstica para diferentes regi\u00f5es da cidade.<\/p>\n<p style=\"text-align: justify;\">&nbsp;<\/p>\n<p style=\"text-align: justify;\">Com a realiza\u00e7\u00e3o do projeto, Ermelino Matarazzo passa a integrar esse circuito de interven\u00e7\u00f5es urbanas, fortalecendo a presen\u00e7a da arte nos espa\u00e7os p\u00fablicos e contribuindo para a valoriza\u00e7\u00e3o cultural do territ\u00f3rio.<\/p>\n<p style=\"text-align: justify;\">&nbsp;<\/p>\n<p style=\"text-align: justify;\">O trabalho conta com a participa\u00e7\u00e3o de Waldir Grisolia, reconhecido por sua atua\u00e7\u00e3o no grafite, em conjunto com outros artistas de S\u00e3o Paulo. A uni\u00e3o de diferentes talentos refor\u00e7a o car\u00e1ter coletivo da iniciativa e evidencia a for\u00e7a da arte urbana como instrumento de transforma\u00e7\u00e3o, identidade e ocupa\u00e7\u00e3o cultural.<\/p>\n<p style=\"text-align: justify;\">&nbsp;<\/p>\n<p style=\"text-align: justify;\">O projeto tem o apoio da Secretaria Municipal de Cultura de S\u00e3o Paulo, da CPTM \u2013 Ermelino Matarazzo e da Subprefeitura de Ermelino Matarazzo, institui\u00e7\u00f5es que contribuem para a realiza\u00e7\u00e3o da a\u00e7\u00e3o e para a valoriza\u00e7\u00e3o da cultura e da arte nos espa\u00e7os p\u00fablicos.<\/p>\n<p style=\"text-align: justify;\">&nbsp;<\/p>\n<p style=\"text-align: justify;\">Mais do que um novo mural, a iniciativa simboliza a expans\u00e3o da arte urbana pela cidade e a oportunidade de aproximar artistas e comunidade, transformando paredes e espa\u00e7os urbanos em pontos de encontro, criatividade e express\u00e3o cultural.<\/p>\n<p style=\"text-align: justify;\">&nbsp;<\/p>\n<p style=\"text-align: justify;\">A arte se expande \u2014 e Ermelino Matarazzo ganha mais uma representa\u00e7\u00e3o da for\u00e7a e da diversidade da cultura urbana de S\u00e3o Paulo.<\/p>\n<p style=\"text-align: justify;\">&nbsp;<\/p>\n<p style=\"text-align: justify;\">Fotos: Age A\u00e7\u00e3o Visual<\/p>\n<p style=\"text-align: justify;\">&nbsp;<\/p>\n<p style=\"text-align: justify;\">Assessoria de Imprensa Livia Rosa Santana<\/p>\n","protected":false},"excerpt":{"rendered":"<p>Por L\u00edvia Rosa &nbsp; Projeto re\u00fane o grafiteiro Waldir Grisolia e artistas locais em uma iniciativa de valoriza\u00e7\u00e3o da arte urbana e da cultura perif\u00e9rica &nbsp; A arte urbana continua ampliando seus espa\u00e7os de express\u00e3o em S\u00e3o Paulo. Um projeto que re\u00fane o trabalho do talentoso grafiteiro Waldir Grisolia e a participa\u00e7\u00e3o de artistas locais [&hellip;]<\/p>\n","protected":false},"author":1,"featured_media":52329,"comment_status":"open","ping_status":"open","sticky":false,"template":"","format":"standard","meta":{"ngg_post_thumbnail":0,"footnotes":""},"categories":[135,2,41],"tags":[],"class_list":["post-52328","post","type-post","status-publish","format-standard","has-post-thumbnail","hentry","category-cultura","category-destaques","category-ultimasnoticias"],"_links":{"self":[{"href":"https:\/\/somdepapo.com.br\/portal\/wp-json\/wp\/v2\/posts\/52328","targetHints":{"allow":["GET"]}}],"collection":[{"href":"https:\/\/somdepapo.com.br\/portal\/wp-json\/wp\/v2\/posts"}],"about":[{"href":"https:\/\/somdepapo.com.br\/portal\/wp-json\/wp\/v2\/types\/post"}],"author":[{"embeddable":true,"href":"https:\/\/somdepapo.com.br\/portal\/wp-json\/wp\/v2\/users\/1"}],"replies":[{"embeddable":true,"href":"https:\/\/somdepapo.com.br\/portal\/wp-json\/wp\/v2\/comments?post=52328"}],"version-history":[{"count":1,"href":"https:\/\/somdepapo.com.br\/portal\/wp-json\/wp\/v2\/posts\/52328\/revisions"}],"predecessor-version":[{"id":52330,"href":"https:\/\/somdepapo.com.br\/portal\/wp-json\/wp\/v2\/posts\/52328\/revisions\/52330"}],"wp:featuredmedia":[{"embeddable":true,"href":"https:\/\/somdepapo.com.br\/portal\/wp-json\/wp\/v2\/media\/52329"}],"wp:attachment":[{"href":"https:\/\/somdepapo.com.br\/portal\/wp-json\/wp\/v2\/media?parent=52328"}],"wp:term":[{"taxonomy":"category","embeddable":true,"href":"https:\/\/somdepapo.com.br\/portal\/wp-json\/wp\/v2\/categories?post=52328"},{"taxonomy":"post_tag","embeddable":true,"href":"https:\/\/somdepapo.com.br\/portal\/wp-json\/wp\/v2\/tags?post=52328"}],"curies":[{"name":"wp","href":"https:\/\/api.w.org\/{rel}","templated":true}]}}