{"id":52334,"date":"2026-09-03T05:03:46","date_gmt":"2026-09-03T08:03:46","guid":{"rendered":"https:\/\/somdepapo.com.br\/portal\/?p=52334"},"modified":"2026-09-02T18:07:28","modified_gmt":"2026-09-02T21:07:28","slug":"reforma-tributaria-cria-novo-espaco-para-o-pequeno-trabalhador-quem-e-o-nanoempreendedor-e-porque-esta-mudanca-importa","status":"publish","type":"post","link":"https:\/\/somdepapo.com.br\/portal\/reforma-tributaria-cria-novo-espaco-para-o-pequeno-trabalhador-quem-e-o-nanoempreendedor-e-porque-esta-mudanca-importa\/","title":{"rendered":"Reforma Tribut\u00e1ria cria novo espa\u00e7o para o pequeno trabalhador: quem \u00e9 o nanoempreendedor e porque esta mudan\u00e7a importa?"},"content":{"rendered":"<p style=\"text-align: right;\">Por Dra. Ana Igansi<\/p>\n<p style=\"text-align: right;\">@AnaIgansiAdvocacia<\/p>\n<p style=\"text-align: justify;\">&nbsp;<\/p>\n<p style=\"text-align: justify;\">Reforma Tribut\u00e1ria cria um novo espa\u00e7o para o pequeno trabalhador: quem \u00e9 o nanoempreendedor e por que essa mudan\u00e7a importa?<\/p>\n<p style=\"text-align: justify;\">&nbsp;<\/p>\n<p style=\"text-align: justify;\">Enquanto grande parte do debate sobre a Reforma Tribut\u00e1ria est\u00e1 concentrada nas empresas, no IBS, na CBS e nos novos sistemas de arrecada\u00e7\u00e3o, uma mudan\u00e7a importante come\u00e7a a alcan\u00e7ar justamente quem est\u00e1 na menor ponta da atividade econ\u00f4mica: o trabalhador que vende, presta servi\u00e7os ou empreende em pequena escala sem estar formalizado como MEI.<\/p>\n<p style=\"text-align: justify;\">No dia 28 de agosto de 2026, a Receita Federal e o Comit\u00ea Gestor do IBS publicaram o Ato Conjunto RFB\/CGIBS n\u00ba 6\/2026, estabelecendo dispensas espec\u00edficas para o chamado nanoempreendedor. A medida \u00e9 relevante porque transforma em regra operacional uma das figuras mais interessantes criadas pela Reforma Tribut\u00e1ria do Consumo.<\/p>\n<p style=\"text-align: justify;\">Mas afinal, quem \u00e9 o nanoempreendedor?<\/p>\n<p style=\"text-align: justify;\">A Lei Complementar n\u00ba 214\/2025, posteriormente alterada pela Lei Complementar n\u00ba 227\/2026, estabelece que o nanoempreendedor \u00e9, em s\u00edntese, a pessoa f\u00edsica que aufere receita bruta inferior a 50% do limite estabelecido para ades\u00e3o ao MEI e que n\u00e3o tenha aderido a esse regime. Considerando o atual limite anual de R$ 81 mil do MEI, estamos falando de uma refer\u00eancia de R$ 40,5 mil por ano. A consequ\u00eancia tribut\u00e1ria \u00e9 expressiva: dentro das condi\u00e7\u00f5es legais, essa pessoa n\u00e3o \u00e9 contribuinte do IBS e da CBS.<\/p>\n<p style=\"text-align: justify;\">E a novidade desta semana vai al\u00e9m.<\/p>\n<p style=\"text-align: justify;\">O Ato Conjunto n\u00ba 6 dispensou o nanoempreendedor da inscri\u00e7\u00e3o no cadastro com identifica\u00e7\u00e3o \u00fanica mediante CNPJ e tamb\u00e9m da emiss\u00e3o dos documentos fiscais eletr\u00f4nicos previstos nos regulamentos do IBS e da CBS. Essas dispensas produzem efeitos at\u00e9 31 de dezembro de 2028. H\u00e1, contudo, uma ressalva importante: elas n\u00e3o se aplicam ao nanoempreendedor que optar voluntariamente pelo regime regular do IBS e da CBS.<\/p>\n<p style=\"text-align: justify;\">Isso demonstra que a Reforma Tribut\u00e1ria n\u00e3o est\u00e1 apenas substituindo tributos. Ela come\u00e7a tamb\u00e9m a desenhar diferentes n\u00edveis de relacionamento entre o Estado e quem exerce atividade econ\u00f4mica.<\/p>\n<p style=\"text-align: justify;\">O pequeno prestador de servi\u00e7os, artes\u00e3o, vendedor informal ou profissional que desenvolve uma atividade econ\u00f4mica de reduzido faturamento n\u00e3o pode ser submetido \u00e0 mesma estrutura de obriga\u00e7\u00f5es acess\u00f3rias exigida de uma empresa de maior porte. A cria\u00e7\u00e3o do nanoempreendedor reconhece essa diferen\u00e7a e procura impedir que o custo burocr\u00e1tico da tributa\u00e7\u00e3o seja desproporcional \u00e0 pr\u00f3pria dimens\u00e3o da atividade.<\/p>\n<p style=\"text-align: justify;\">H\u00e1 ainda um aspecto especialmente interessante para a economia das plataformas digitais. Para a pessoa f\u00edsica que presta servi\u00e7o de transporte privado individual de passageiros ou de entrega de bens, inclusive por interm\u00e9dio de plataformas, a regulamenta\u00e7\u00e3o determina que, para fins de enquadramento como nanoempreendedor, seja considerada como receita bruta 25% do valor bruto mensal recebido. \u00c9 um detalhe t\u00e9cnico com enorme repercuss\u00e3o pr\u00e1tica para determinados motoristas e entregadores.<\/p>\n<p style=\"text-align: justify;\">Mas \u00e9 preciso evitar uma interpreta\u00e7\u00e3o equivocada: nanoempreendedor n\u00e3o \u00e9 simplesmente um \u201cnovo MEI\u201d.<\/p>\n<p style=\"text-align: justify;\">O MEI constitui um regime formalizado, com CNPJ, recolhimentos pr\u00f3prios e direitos e obriga\u00e7\u00f5es espec\u00edficos. J\u00e1 o nanoempreendedor foi estruturado, para fins do IBS e da CBS, como uma hip\u00f3tese em que determinada pessoa f\u00edsica, preenchidos os requisitos legais, n\u00e3o \u00e9 considerada contribuinte desses novos tributos.<\/p>\n<p style=\"text-align: justify;\">Essa distin\u00e7\u00e3o \u00e9 fundamental.<\/p>\n<p style=\"text-align: justify;\">Tamb\u00e9m n\u00e3o significa que qualquer pessoa que receba menos de R$ 40,5 mil por ano esteja automaticamente livre de toda e qualquer obriga\u00e7\u00e3o tribut\u00e1ria. A regra examinada diz respeito especificamente ao enquadramento previsto na legisla\u00e7\u00e3o do IBS e da CBS. Outros tributos, obriga\u00e7\u00f5es e consequ\u00eancias jur\u00eddicas devem ser analisados conforme a natureza da renda, da atividade e da opera\u00e7\u00e3o realizada.<\/p>\n<p style=\"text-align: justify;\">Existe ainda uma quest\u00e3o estrat\u00e9gica. A pr\u00f3pria legisla\u00e7\u00e3o admite, em determinadas situa\u00e7\u00f5es, a op\u00e7\u00e3o pelo regime regular do IBS e da CBS. Isso pode ser relevante porque o novo sistema foi estruturado sobre uma l\u00f3gica de cr\u00e9ditos tribut\u00e1rios. O pr\u00f3prio servi\u00e7o disponibilizado pelo Governo Federal para escolha do regime alerta que a op\u00e7\u00e3o pelo regime regular pode permitir aproveitamento de cr\u00e9ditos e influenciar a competitividade do neg\u00f3cio. Portanto, nem sempre estar fora do regime regular ser\u00e1 economicamente a melhor decis\u00e3o.<\/p>\n<p style=\"text-align: justify;\">Esse talvez seja um dos pontos menos comentados da Reforma Tribut\u00e1ria: simplifica\u00e7\u00e3o tribut\u00e1ria e planejamento tribut\u00e1rio n\u00e3o s\u00e3o necessariamente a mesma coisa.<\/p>\n<p style=\"text-align: justify;\">Uma alternativa pode ser mais simples, mas outra pode produzir resultado econ\u00f4mico mais eficiente dependendo de quem compra, de quem vende, da estrutura de custos e da posi\u00e7\u00e3o ocupada pelo pequeno empreendedor na cadeia produtiva.<\/p>\n<p style=\"text-align: justify;\">A novidade publicada em 28 de agosto deixa, portanto, uma mensagem importante. A Reforma Tribut\u00e1ria come\u00e7a a sair definitivamente do campo das grandes discuss\u00f5es legislativas e entrar na rotina de quem trabalha, vende, presta servi\u00e7os e movimenta pequenos valores todos os dias.<\/p>\n<p style=\"text-align: justify;\">E, nesse novo sistema, conhecer a pr\u00f3pria classifica\u00e7\u00e3o tribut\u00e1ria poder\u00e1 ser t\u00e3o importante quanto conhecer a al\u00edquota.<\/p>\n<p style=\"text-align: justify;\">&nbsp;<\/p>\n<p style=\"text-align: justify;\">Dra. Ana Igansi, formada h\u00e1 30 anos. Especialista na \u00e1rea tribut\u00e1ria e em auditoria fiscal. Com v\u00e1rias especializa\u00e7\u00f5es em cursos do Brasil e exterior, em especial Negocia\u00e7\u00e3o em Harvard. Autora de livros, que \u00e9 um dos seus hobbies, al\u00e9m de artigos jur\u00eddicos e mini e-books disponibilizados em seu site e blog &#8211; www.igansiadvocacia.adv.br, 51.99121.4740, anaigansi@hotmail.com.&nbsp;&nbsp;<\/p>\n<p style=\"text-align: justify;\">&nbsp;<\/p>\n<p style=\"text-align: justify;\">&nbsp;<\/p>\n","protected":false},"excerpt":{"rendered":"<p>Por Dra. Ana Igansi @AnaIgansiAdvocacia &nbsp; Reforma Tribut\u00e1ria cria um novo espa\u00e7o para o pequeno trabalhador: quem \u00e9 o nanoempreendedor e por que essa mudan\u00e7a importa? &nbsp; Enquanto grande parte do debate sobre a Reforma Tribut\u00e1ria est\u00e1 concentrada nas empresas, no IBS, na CBS e nos novos sistemas de arrecada\u00e7\u00e3o, uma mudan\u00e7a importante come\u00e7a a [&hellip;]<\/p>\n","protected":false},"author":1,"featured_media":52335,"comment_status":"open","ping_status":"open","sticky":false,"template":"","format":"standard","meta":{"ngg_post_thumbnail":0,"footnotes":""},"categories":[2,386,41],"tags":[],"class_list":["post-52334","post","type-post","status-publish","format-standard","has-post-thumbnail","hentry","category-destaques","category-tributacao","category-ultimasnoticias"],"_links":{"self":[{"href":"https:\/\/somdepapo.com.br\/portal\/wp-json\/wp\/v2\/posts\/52334","targetHints":{"allow":["GET"]}}],"collection":[{"href":"https:\/\/somdepapo.com.br\/portal\/wp-json\/wp\/v2\/posts"}],"about":[{"href":"https:\/\/somdepapo.com.br\/portal\/wp-json\/wp\/v2\/types\/post"}],"author":[{"embeddable":true,"href":"https:\/\/somdepapo.com.br\/portal\/wp-json\/wp\/v2\/users\/1"}],"replies":[{"embeddable":true,"href":"https:\/\/somdepapo.com.br\/portal\/wp-json\/wp\/v2\/comments?post=52334"}],"version-history":[{"count":1,"href":"https:\/\/somdepapo.com.br\/portal\/wp-json\/wp\/v2\/posts\/52334\/revisions"}],"predecessor-version":[{"id":52336,"href":"https:\/\/somdepapo.com.br\/portal\/wp-json\/wp\/v2\/posts\/52334\/revisions\/52336"}],"wp:featuredmedia":[{"embeddable":true,"href":"https:\/\/somdepapo.com.br\/portal\/wp-json\/wp\/v2\/media\/52335"}],"wp:attachment":[{"href":"https:\/\/somdepapo.com.br\/portal\/wp-json\/wp\/v2\/media?parent=52334"}],"wp:term":[{"taxonomy":"category","embeddable":true,"href":"https:\/\/somdepapo.com.br\/portal\/wp-json\/wp\/v2\/categories?post=52334"},{"taxonomy":"post_tag","embeddable":true,"href":"https:\/\/somdepapo.com.br\/portal\/wp-json\/wp\/v2\/tags?post=52334"}],"curies":[{"name":"wp","href":"https:\/\/api.w.org\/{rel}","templated":true}]}}