{"id":52344,"date":"2026-09-03T05:30:30","date_gmt":"2026-09-03T08:30:30","guid":{"rendered":"https:\/\/somdepapo.com.br\/portal\/?p=52344"},"modified":"2026-09-02T18:33:19","modified_gmt":"2026-09-02T21:33:19","slug":"o-custo-invisivel-da-desorganizacao-digital-quando-perder-tempo-tambem-vira-prejuizo","status":"publish","type":"post","link":"https:\/\/somdepapo.com.br\/portal\/o-custo-invisivel-da-desorganizacao-digital-quando-perder-tempo-tambem-vira-prejuizo\/","title":{"rendered":"O custo invis\u00edvel da desorganiza\u00e7\u00e3o digital: quando perder tempo tamb\u00e9m vira preju\u00edzo"},"content":{"rendered":"<p style=\"text-align: right;\">Por \u00cdtalla Farias<\/p>\n<p style=\"text-align: justify;\">Nem sempre a desorganiza\u00e7\u00e3o digital aparece como um problema evidente.<\/p>\n<p style=\"text-align: justify;\">Os arquivos continuam l\u00e1. Os documentos n\u00e3o desapareceram. As fotos est\u00e3o armazenadas. Os contratos foram salvos. As notas fiscais chegaram por e-mail ou WhatsApp. \u00c0 primeira vista, parece que est\u00e1 tudo sob controle.<\/p>\n<p style=\"text-align: justify;\">At\u00e9 o momento em que alguma coisa precisa ser encontrada.<\/p>\n<p style=\"text-align: justify;\">\u00c9 nesse instante que come\u00e7a uma sequ\u00eancia bastante conhecida: abre uma pasta, procura em outra, pesquisa no e-mail, volta ao WhatsApp, tenta lembrar quem enviou o documento, verifica Downloads e, depois de v\u00e1rios minutos, ainda existe a d\u00favida:<\/p>\n<p style=\"text-align: justify;\">\u201cOnde foi que eu guardei isso?\u201d<\/p>\n<p style=\"text-align: justify;\">O problema n\u00e3o est\u00e1 apenas no arquivo perdido. Est\u00e1 no tempo, na energia e, muitas vezes, no dinheiro que se perde junto com ele.<\/p>\n<p style=\"text-align: justify;\">Cinco minutos tamb\u00e9m se acumulam<\/p>\n<p style=\"text-align: justify;\">\u00c9 comum pensar que gastar cinco ou dez minutos procurando um documento n\u00e3o representa grande coisa.<\/p>\n<p style=\"text-align: justify;\">Isoladamente, talvez n\u00e3o represente.<\/p>\n<p style=\"text-align: justify;\">Mas quando isso acontece v\u00e1rias vezes durante a semana \u2014 para localizar um comprovante, contrato, boleto, fotografia, or\u00e7amento ou documento de cliente \u2014 o desperd\u00edcio deixa de ser pontual e passa a fazer parte da rotina.<\/p>\n<p style=\"text-align: justify;\">A pessoa interrompe o que estava fazendo, muda o foco, come\u00e7a uma busca e precisa reconstruir mentalmente onde aquela informa\u00e7\u00e3o poderia estar.<\/p>\n<p style=\"text-align: justify;\">Depois, ainda precisa retornar \u00e0 atividade anterior.<\/p>\n<p style=\"text-align: justify;\">Esse processo parece pequeno, mas se repete silenciosamente.<\/p>\n<p style=\"text-align: justify;\">E organiza\u00e7\u00e3o digital tamb\u00e9m \u00e9 sobre isso: reduzir o n\u00famero de decis\u00f5es e buscas desnecess\u00e1rias que fazemos todos os dias.<\/p>\n<p style=\"text-align: justify;\">\u00c0s vezes, o preju\u00edzo \u00e9 maior que o tempo perdido<\/p>\n<p style=\"text-align: justify;\">Existem situa\u00e7\u00f5es em que n\u00e3o encontrar uma informa\u00e7\u00e3o rapidamente traz consequ\u00eancias mais concretas.<\/p>\n<p style=\"text-align: justify;\">\u2022 Um documento solicitado com prazo.<\/p>\n<p style=\"text-align: justify;\">\u2022 Uma nota fiscal necess\u00e1ria para uma garantia.<\/p>\n<p style=\"text-align: justify;\">\u2022 Um contrato que precisa ser consultado antes de uma decis\u00e3o.<\/p>\n<p style=\"text-align: justify;\">\u2022 Um comprovante de pagamento antigo.<\/p>\n<p style=\"text-align: justify;\">\u2022 Uma renova\u00e7\u00e3o que passou despercebida.<\/p>\n<p style=\"text-align: justify;\">\u2022 Um arquivo profissional que precisa ser enviado naquele momento.<\/p>\n<p style=\"text-align: justify;\">Nesses casos, a desorganiza\u00e7\u00e3o deixa de ser apenas inc\u00f4moda e come\u00e7a a comprometer prazos, dinheiro, decis\u00f5es e seguran\u00e7a.<\/p>\n<p style=\"text-align: justify;\">\u00c9 justamente por isso que organiza\u00e7\u00e3o digital n\u00e3o pode ser tratada apenas como uma quest\u00e3o est\u00e9tica.<\/p>\n<p style=\"text-align: justify;\">Ter pastas bonitas n\u00e3o resolve o problema se ningu\u00e9m sabe exatamente onde determinada informa\u00e7\u00e3o deve estar \u2014 ou quando ela precisar\u00e1 ser consultada novamente.<\/p>\n<p style=\"text-align: justify;\">Encontrar r\u00e1pido \u00e9 consequ\u00eancia de organizar bem<\/p>\n<p style=\"text-align: justify;\">Um ambiente digital eficiente n\u00e3o precisa ter dezenas de categorias.<\/p>\n<p style=\"text-align: justify;\">Na verdade, quanto mais complexa for a estrutura, maior pode ser a dificuldade de mant\u00ea-la funcionando.<\/p>\n<p style=\"text-align: justify;\">O importante \u00e9 que exista l\u00f3gica.<\/p>\n<p style=\"text-align: justify;\">Um documento precisa ter um lugar previs\u00edvel. O nome do arquivo precisa ajudar na identifica\u00e7\u00e3o. Informa\u00e7\u00f5es relacionadas precisam permanecer pr\u00f3ximas. Documentos que exigem acompanhamento n\u00e3o podem simplesmente ser arquivados e esquecidos. E aquilo que perdeu completamente a utilidade n\u00e3o precisa continuar ocupando espa\u00e7o apenas porque \u201cum dia pode servir\u201d.<\/p>\n<p style=\"text-align: justify;\">Organizar \u00e9 criar crit\u00e9rios que permitam encontrar uma informa\u00e7\u00e3o sem depender exclusivamente da mem\u00f3ria.<\/p>\n<p style=\"text-align: justify;\">A pergunta que muda a organiza\u00e7\u00e3o<\/p>\n<p style=\"text-align: justify;\">Existe uma maneira simples de avaliar se o seu sistema digital realmente funciona.<\/p>\n<p style=\"text-align: justify;\">Escolha um documento que voc\u00ea n\u00e3o utiliza todos os dias e pergunte:<\/p>\n<p style=\"text-align: justify;\">\u201cSe eu precisasse disso agora, quanto tempo levaria para encontrar?\u201d<\/p>\n<p style=\"text-align: justify;\">Se a resposta depender de procurar no WhatsApp, pesquisar v\u00e1rios e-mails, abrir in\u00fameras pastas ou lembrar aproximadamente quando recebeu o arquivo, existe um sinal de alerta.<\/p>\n<p style=\"text-align: justify;\">N\u00e3o significa que tudo esteja perdido.<\/p>\n<p style=\"text-align: justify;\">Significa apenas que o armazenamento existe, mas o sistema ainda n\u00e3o oferece previsibilidade.<\/p>\n<p style=\"text-align: justify;\">E previsibilidade talvez seja uma das maiores vantagens de uma organiza\u00e7\u00e3o bem constru\u00edda.<\/p>\n<p style=\"text-align: justify;\">Voc\u00ea n\u00e3o precisa lembrar onde colocou cada coisa.<\/p>\n<p style=\"text-align: justify;\">O m\u00e9todo precisa lembrar por voc\u00ea.<\/p>\n<p style=\"text-align: justify;\">Organiza\u00e7\u00e3o boa quase n\u00e3o aparece<\/p>\n<p style=\"text-align: justify;\">Talvez esse seja um dos maiores paradoxos da organiza\u00e7\u00e3o digital.<\/p>\n<p style=\"text-align: justify;\">Quando ela funciona, quase ningu\u00e9m percebe.<\/p>\n<p style=\"text-align: justify;\">O documento aparece quando \u00e9 necess\u00e1rio. O prazo \u00e9 identificado antes de vencer. O arquivo pode ser localizado sem uma busca intermin\u00e1vel. A informa\u00e7\u00e3o certa est\u00e1 dispon\u00edvel no momento certo.<\/p>\n<p style=\"text-align: justify;\">N\u00e3o existe espet\u00e1culo. Existe funcionamento.<\/p>\n<p style=\"text-align: justify;\">Por isso, antes de avaliar a quantidade de espa\u00e7o dispon\u00edvel na sua nuvem ou quantas pastas voc\u00ea criou, talvez valha fazer uma pergunta mais pr\u00e1tica:<\/p>\n<p style=\"text-align: justify;\">Quando voc\u00ea precisa de alguma coisa, o seu ambiente digital trabalha a seu favor \u2014 ou \u00e9 voc\u00ea quem precisa parar tudo para procurar?<\/p>\n<p style=\"text-align: justify;\">Sobre a colunista<\/p>\n<p style=\"text-align: justify;\">\u00cdtalla Farias \u00e9 Personal Organizer Digital, fundadora da Farias F\u00e1cil Digital e criadora do Arquivamento Inteligente 365. Atua com curadoria, organiza\u00e7\u00e3o operacional, acompanhamento e estrutura\u00e7\u00e3o de acervos digitais para pessoas f\u00edsicas e empresas.<\/p>\n<p style=\"text-align: justify;\">Instagram: @fariasfacil.digital<\/p>\n<p style=\"text-align: justify;\">&nbsp;<\/p>\n","protected":false},"excerpt":{"rendered":"<p>Por \u00cdtalla Farias Nem sempre a desorganiza\u00e7\u00e3o digital aparece como um problema evidente. Os arquivos continuam l\u00e1. Os documentos n\u00e3o desapareceram. As fotos est\u00e3o armazenadas. Os contratos foram salvos. As notas fiscais chegaram por e-mail ou WhatsApp. \u00c0 primeira vista, parece que est\u00e1 tudo sob controle. At\u00e9 o momento em que alguma coisa precisa ser [&hellip;]<\/p>\n","protected":false},"author":1,"featured_media":52345,"comment_status":"open","ping_status":"open","sticky":false,"template":"","format":"standard","meta":{"ngg_post_thumbnail":0,"footnotes":""},"categories":[2,439,41],"tags":[],"class_list":["post-52344","post","type-post","status-publish","format-standard","has-post-thumbnail","hentry","category-destaques","category-organizacao-digital","category-ultimasnoticias"],"_links":{"self":[{"href":"https:\/\/somdepapo.com.br\/portal\/wp-json\/wp\/v2\/posts\/52344","targetHints":{"allow":["GET"]}}],"collection":[{"href":"https:\/\/somdepapo.com.br\/portal\/wp-json\/wp\/v2\/posts"}],"about":[{"href":"https:\/\/somdepapo.com.br\/portal\/wp-json\/wp\/v2\/types\/post"}],"author":[{"embeddable":true,"href":"https:\/\/somdepapo.com.br\/portal\/wp-json\/wp\/v2\/users\/1"}],"replies":[{"embeddable":true,"href":"https:\/\/somdepapo.com.br\/portal\/wp-json\/wp\/v2\/comments?post=52344"}],"version-history":[{"count":1,"href":"https:\/\/somdepapo.com.br\/portal\/wp-json\/wp\/v2\/posts\/52344\/revisions"}],"predecessor-version":[{"id":52346,"href":"https:\/\/somdepapo.com.br\/portal\/wp-json\/wp\/v2\/posts\/52344\/revisions\/52346"}],"wp:featuredmedia":[{"embeddable":true,"href":"https:\/\/somdepapo.com.br\/portal\/wp-json\/wp\/v2\/media\/52345"}],"wp:attachment":[{"href":"https:\/\/somdepapo.com.br\/portal\/wp-json\/wp\/v2\/media?parent=52344"}],"wp:term":[{"taxonomy":"category","embeddable":true,"href":"https:\/\/somdepapo.com.br\/portal\/wp-json\/wp\/v2\/categories?post=52344"},{"taxonomy":"post_tag","embeddable":true,"href":"https:\/\/somdepapo.com.br\/portal\/wp-json\/wp\/v2\/tags?post=52344"}],"curies":[{"name":"wp","href":"https:\/\/api.w.org\/{rel}","templated":true}]}}