{"id":52353,"date":"2026-09-03T04:49:47","date_gmt":"2026-09-03T07:49:47","guid":{"rendered":"https:\/\/somdepapo.com.br\/portal\/?p=52353"},"modified":"2026-09-02T18:51:51","modified_gmt":"2026-09-02T21:51:51","slug":"o-baleiro-de-vidro-giratorio","status":"publish","type":"post","link":"https:\/\/somdepapo.com.br\/portal\/o-baleiro-de-vidro-giratorio\/","title":{"rendered":"O Baleiro de Vidro Girat\u00f3rio"},"content":{"rendered":"<p style=\"text-align: right;\">Por Teo Gelson&nbsp;<\/p>\n<p style=\"text-align: justify;\">O baleiro de balc\u00e3o surgiu entre o final do s\u00e9culo XIX e as primeiras d\u00e9cadas do s\u00e9culo XX, impulsionado pela expans\u00e3o da ind\u00fastria vidreira e pelo crescimento das mercearias e armaz\u00e9ns urbanos.<\/p>\n<p style=\"text-align: justify;\">Surgimento e Fun\u00e7\u00e3o: Com a consolida\u00e7\u00e3o da fabrica\u00e7\u00e3o industrial de balas e confeitos embalados individualmente, os comerciantes precisavam de uma solu\u00e7\u00e3o pr\u00e1tica para expor v\u00e1rios tipos de doces sem ocupar todo o balc\u00e3o.<\/p>\n<p style=\"text-align: justify;\">Mecanismo Girat\u00f3rio: A grande inova\u00e7\u00e3o foi criar um eixo central com gomos modulares de vidro moldado (soprado ou prensado). Isso permitia ao cliente girar a pe\u00e7a e escolher o doce desejado, mantendo as balas protegidas de poeira e umidade.<\/p>\n<p style=\"text-align: justify;\">Presen\u00e7a Cultural: No Brasil, tornou-se um item indispens\u00e1vel nas vendinhas de bairro, padarias e esta\u00e7\u00f5es de trem ao longo das d\u00e9cadas de 1940 a 1980, tornando-se hoje um cobi\u00e7ado objeto vintage e afetivo.<\/p>\n<p style=\"text-align: justify;\">O Vendedor Ambulante (&#8220;Baleiro&#8221;)<\/p>\n<p style=\"text-align: justify;\">Paralelamente, a figura do baleiro como profiss\u00e3o popularizou-se nas grandes cidades com a urbaniza\u00e7\u00e3o r\u00e1pida e o transporte p\u00fablico (trens, bondes e \u00f4nibus). O vendedor transportava caixas, bandejas ou sacolas articuladas para vender balas aos passageiros e pedestres, consolidando-se como um elemento marcante do com\u00e9rcio informal urbano.<\/p>\n<p style=\"text-align: justify;\">Fonte: reidosbaleiros.com<\/p>\n<p style=\"text-align: justify;\">&nbsp;<\/p>\n","protected":false},"excerpt":{"rendered":"<p>Por Teo Gelson&nbsp; O baleiro de balc\u00e3o surgiu entre o final do s\u00e9culo XIX e as primeiras d\u00e9cadas do s\u00e9culo XX, impulsionado pela expans\u00e3o da ind\u00fastria vidreira e pelo crescimento das mercearias e armaz\u00e9ns urbanos. Surgimento e Fun\u00e7\u00e3o: Com a consolida\u00e7\u00e3o da fabrica\u00e7\u00e3o industrial de balas e confeitos embalados individualmente, os comerciantes precisavam de uma [&hellip;]<\/p>\n","protected":false},"author":1,"featured_media":52354,"comment_status":"open","ping_status":"open","sticky":false,"template":"","format":"standard","meta":{"ngg_post_thumbnail":0,"footnotes":""},"categories":[2,141,41],"tags":[],"class_list":["post-52353","post","type-post","status-publish","format-standard","has-post-thumbnail","hentry","category-destaques","category-tbt","category-ultimasnoticias"],"_links":{"self":[{"href":"https:\/\/somdepapo.com.br\/portal\/wp-json\/wp\/v2\/posts\/52353","targetHints":{"allow":["GET"]}}],"collection":[{"href":"https:\/\/somdepapo.com.br\/portal\/wp-json\/wp\/v2\/posts"}],"about":[{"href":"https:\/\/somdepapo.com.br\/portal\/wp-json\/wp\/v2\/types\/post"}],"author":[{"embeddable":true,"href":"https:\/\/somdepapo.com.br\/portal\/wp-json\/wp\/v2\/users\/1"}],"replies":[{"embeddable":true,"href":"https:\/\/somdepapo.com.br\/portal\/wp-json\/wp\/v2\/comments?post=52353"}],"version-history":[{"count":1,"href":"https:\/\/somdepapo.com.br\/portal\/wp-json\/wp\/v2\/posts\/52353\/revisions"}],"predecessor-version":[{"id":52355,"href":"https:\/\/somdepapo.com.br\/portal\/wp-json\/wp\/v2\/posts\/52353\/revisions\/52355"}],"wp:featuredmedia":[{"embeddable":true,"href":"https:\/\/somdepapo.com.br\/portal\/wp-json\/wp\/v2\/media\/52354"}],"wp:attachment":[{"href":"https:\/\/somdepapo.com.br\/portal\/wp-json\/wp\/v2\/media?parent=52353"}],"wp:term":[{"taxonomy":"category","embeddable":true,"href":"https:\/\/somdepapo.com.br\/portal\/wp-json\/wp\/v2\/categories?post=52353"},{"taxonomy":"post_tag","embeddable":true,"href":"https:\/\/somdepapo.com.br\/portal\/wp-json\/wp\/v2\/tags?post=52353"}],"curies":[{"name":"wp","href":"https:\/\/api.w.org\/{rel}","templated":true}]}}