{"id":52361,"date":"2026-09-03T11:10:20","date_gmt":"2026-09-03T14:10:20","guid":{"rendered":"https:\/\/somdepapo.com.br\/portal\/?p=52361"},"modified":"2026-09-03T11:10:20","modified_gmt":"2026-09-03T14:10:20","slug":"copa-do-brasil-chega-a-reta-final-com-tres-semifinalistas-definidos-e-gre-nal-decisivo","status":"publish","type":"post","link":"https:\/\/somdepapo.com.br\/portal\/copa-do-brasil-chega-a-reta-final-com-tres-semifinalistas-definidos-e-gre-nal-decisivo\/","title":{"rendered":"Copa do Brasil chega \u00e0 reta final com tr\u00eas semifinalistas definidos e Gre-Nal decisivo"},"content":{"rendered":"<p style=\"text-align: right;\">Por Jo\u00e3o Pedro Perez&nbsp;<\/p>\n<p style=\"text-align: justify;\">&nbsp;<\/p>\n<p style=\"text-align: justify;\">Atl\u00e9tico-MG, Palmeiras e Vasco j\u00e1 garantiram vaga entre os quatro melhores da competi\u00e7\u00e3o. Gr\u00eamio e Internacional disputam nesta quinta-feira a \u00faltima vaga na semifinal.<\/p>\n<p style=\"text-align: justify;\">&nbsp;<\/p>\n<p style=\"text-align: justify;\">A Copa do Brasil 2026 entrou em sua fase decisiva nesta semana. As partidas de volta das quartas de final movimentaram o futebol brasileiro e j\u00e1 definiram tr\u00eas dos quatro semifinalistas da competi\u00e7\u00e3o.<\/p>\n<p style=\"text-align: justify;\">&nbsp;<\/p>\n<p style=\"text-align: justify;\">O primeiro classificado foi o Atl\u00e9tico-MG, que venceu o Cruzeiro por 2 a 1, de virada, na Arena MRV, e avan\u00e7ou ap\u00f3s o empate em 1 a 1 no primeiro confronto. O Galo saiu atr\u00e1s no placar, mas buscou a rea\u00e7\u00e3o no segundo tempo e garantiu a classifica\u00e7\u00e3o.<\/p>\n<p style=\"text-align: justify;\">&nbsp;<\/p>\n<p style=\"text-align: justify;\">Na quarta-feira, foi a vez de Palmeiras e Vasco confirmarem suas vagas. O Verd\u00e3o, que havia vencido o Santos por 3 a 0 no primeiro jogo, voltou a vencer e eliminou o rival. J\u00e1 o Vasco derrotou o Vit\u00f3ria por 2 a 0 no Barrad\u00e3o e fechou o confronto com 3 a 0 no placar agregado.<\/p>\n<p style=\"text-align: justify;\">&nbsp;<\/p>\n<p style=\"text-align: justify;\">Com os resultados, Palmeiras e Vasco j\u00e1 sabem que se enfrentar\u00e3o na semifinal. O Atl\u00e9tico-MG, por sua vez, aguarda a defini\u00e7\u00e3o do \u00faltimo semifinalista.<\/p>\n<p style=\"text-align: justify;\">&nbsp;<\/p>\n<p style=\"text-align: justify;\">Gre-Nal vale a \u00faltima vaga<\/p>\n<p style=\"text-align: justify;\">&nbsp;<\/p>\n<p style=\"text-align: justify;\">A \u00faltima vaga ser\u00e1 decidida nesta quinta-feira (3), em um dos maiores cl\u00e1ssicos do futebol brasileiro.<\/p>\n<p style=\"text-align: justify;\">&nbsp;<\/p>\n<p style=\"text-align: justify;\">Gr\u00eamio e Internacional entram em campo \u00e0s 20h, na Arena do Gr\u00eamio, em Porto Alegre. O primeiro confronto terminou empatado em 0 a 0, deixando a disputa completamente aberta para o jogo decisivo.<\/p>\n<p style=\"text-align: justify;\">&nbsp;<\/p>\n<p style=\"text-align: justify;\">Quem vencer garante presen\u00e7a na semifinal e enfrentar\u00e1 o Atl\u00e9tico-MG. Em caso de novo empate, a classifica\u00e7\u00e3o ser\u00e1 decidida nos p\u00eanaltis.<\/p>\n<p style=\"text-align: justify;\">&nbsp;<\/p>\n<p style=\"text-align: justify;\">O Gr\u00eamio chega ao cl\u00e1ssico embalado pela vit\u00f3ria por 3 a 1 sobre a Chapecoense pelo Campeonato Brasileiro. Do outro lado, o Internacional busca reagir ap\u00f3s uma sequ\u00eancia negativa no Brasileir\u00e3o, aumentando ainda mais a press\u00e3o para o confronto.<\/p>\n<p style=\"text-align: justify;\">&nbsp;<\/p>\n<p style=\"text-align: justify;\">O que vem pela frente?<\/p>\n<p style=\"text-align: justify;\">&nbsp;<\/p>\n<p style=\"text-align: justify;\">Com tr\u00eas semifinalistas definidos, a Copa do Brasil ter\u00e1 uma pausa ap\u00f3s a conclus\u00e3o das quartas de final. As semifinais est\u00e3o previstas para acontecer entre 1\u00ba e 8 de novembro, com os mandos de campo ainda a serem definidos pela CBF.<\/p>\n<p style=\"text-align: justify;\">&nbsp;<\/p>\n<p style=\"text-align: justify;\">Al\u00e9m da classifica\u00e7\u00e3o, os quatro semifinalistas garantem uma premia\u00e7\u00e3o de R$ 9 milh\u00f5es. O campe\u00e3o da Copa do Brasil 2026 receber\u00e1 R$ 78 milh\u00f5es, enquanto o vice-campe\u00e3o ficar\u00e1 com R$ 34 milh\u00f5es.<\/p>\n<p style=\"text-align: justify;\">&nbsp;<\/p>\n<p style=\"text-align: justify;\">Agora, resta apenas uma pergunta: quem ficar\u00e1 com a \u00faltima vaga \u2014 Gr\u00eamio ou Internacional?<\/p>\n<p style=\"text-align: justify;\">&nbsp;<\/p>\n<p style=\"text-align: justify;\">O Gre-Nal desta quinta-feira promete fechar as quartas de final com mais um cap\u00edtulo de uma das maiores rivalidades do futebol brasileiro.<\/p>\n<p style=\"text-align: justify;\">&nbsp;<\/p>\n","protected":false},"excerpt":{"rendered":"<p>Por Jo\u00e3o Pedro Perez&nbsp; &nbsp; Atl\u00e9tico-MG, Palmeiras e Vasco j\u00e1 garantiram vaga entre os quatro melhores da competi\u00e7\u00e3o. Gr\u00eamio e Internacional disputam nesta quinta-feira a \u00faltima vaga na semifinal. &nbsp; A Copa do Brasil 2026 entrou em sua fase decisiva nesta semana. As partidas de volta das quartas de final movimentaram o futebol brasileiro e [&hellip;]<\/p>\n","protected":false},"author":1,"featured_media":52362,"comment_status":"open","ping_status":"open","sticky":false,"template":"","format":"standard","meta":{"ngg_post_thumbnail":0,"footnotes":""},"categories":[2,20,41],"tags":[],"class_list":["post-52361","post","type-post","status-publish","format-standard","has-post-thumbnail","hentry","category-destaques","category-esportes","category-ultimasnoticias"],"_links":{"self":[{"href":"https:\/\/somdepapo.com.br\/portal\/wp-json\/wp\/v2\/posts\/52361","targetHints":{"allow":["GET"]}}],"collection":[{"href":"https:\/\/somdepapo.com.br\/portal\/wp-json\/wp\/v2\/posts"}],"about":[{"href":"https:\/\/somdepapo.com.br\/portal\/wp-json\/wp\/v2\/types\/post"}],"author":[{"embeddable":true,"href":"https:\/\/somdepapo.com.br\/portal\/wp-json\/wp\/v2\/users\/1"}],"replies":[{"embeddable":true,"href":"https:\/\/somdepapo.com.br\/portal\/wp-json\/wp\/v2\/comments?post=52361"}],"version-history":[{"count":1,"href":"https:\/\/somdepapo.com.br\/portal\/wp-json\/wp\/v2\/posts\/52361\/revisions"}],"predecessor-version":[{"id":52363,"href":"https:\/\/somdepapo.com.br\/portal\/wp-json\/wp\/v2\/posts\/52361\/revisions\/52363"}],"wp:featuredmedia":[{"embeddable":true,"href":"https:\/\/somdepapo.com.br\/portal\/wp-json\/wp\/v2\/media\/52362"}],"wp:attachment":[{"href":"https:\/\/somdepapo.com.br\/portal\/wp-json\/wp\/v2\/media?parent=52361"}],"wp:term":[{"taxonomy":"category","embeddable":true,"href":"https:\/\/somdepapo.com.br\/portal\/wp-json\/wp\/v2\/categories?post=52361"},{"taxonomy":"post_tag","embeddable":true,"href":"https:\/\/somdepapo.com.br\/portal\/wp-json\/wp\/v2\/tags?post=52361"}],"curies":[{"name":"wp","href":"https:\/\/api.w.org\/{rel}","templated":true}]}}