{"id":52370,"date":"2026-09-04T04:52:21","date_gmt":"2026-09-04T07:52:21","guid":{"rendered":"https:\/\/somdepapo.com.br\/portal\/?p=52370"},"modified":"2026-09-03T18:54:32","modified_gmt":"2026-09-03T21:54:32","slug":"setembro-amarelo-falar-tambem-e-uma-forma-de-cuidar","status":"publish","type":"post","link":"https:\/\/somdepapo.com.br\/portal\/setembro-amarelo-falar-tambem-e-uma-forma-de-cuidar\/","title":{"rendered":"Setembro Amarelo: falar tamb\u00e9m \u00e9 uma forma de cuidar"},"content":{"rendered":"<p style=\"text-align: right;\">Por: Clariana Grosso<\/p>\n<p style=\"text-align: right;\">Whatsapp: (11) 992245401<\/p>\n<p style=\"text-align: right;\">@psicologaclariana<\/p>\n<p style=\"text-align: justify;\">&nbsp;<\/p>\n<p style=\"text-align: justify;\">Setembro chegou trazendo a cor amarela e, com ela, um convite importante: olhar com mais aten\u00e7\u00e3o para a nossa sa\u00fade emocional e para as pessoas que est\u00e3o ao nosso redor.<\/p>\n<p style=\"text-align: justify;\">O Setembro Amarelo \u00e9 um per\u00edodo de conscientiza\u00e7\u00e3o sobre a preven\u00e7\u00e3o do suic\u00eddio, mas falar sobre o tema n\u00e3o precisa significar falar apenas sobre dor. Tamb\u00e9m podemos falar sobre acolhimento, escuta, cuidado e esperan\u00e7a.<\/p>\n<p style=\"text-align: justify;\">Na correria da vida cotidiana, muitas vezes perguntamos \u201cEst\u00e1 tudo bem?\u201d de maneira autom\u00e1tica. E, nem sempre, queremos ouvir a verdade ou estamos prontos para a resposta. Fa\u00e7o um convite a voc\u00ea leitor. Tente desacelerar neste m\u00eas, olhar nos olhos se poss\u00edvel de quem voc\u00ea realmente quer bem, seja firme e verdadeiro na pergunta: \u201cComo voc\u00ea est\u00e1?\u201d<\/p>\n<p style=\"text-align: justify;\">Na maioria das vezes, as pessoas sentem vergonha, receio, desconforto para falar sobre suas emo\u00e7\u00f5es e sentimentos, mesmo quando \u00e9 para algu\u00e9m que j\u00e1 conhece, imagine para algu\u00e9m desconhecido.<\/p>\n<p style=\"text-align: justify;\">Escutar algu\u00e9m n\u00e3o significa ter todas as respostas ou encontrar imediatamente uma solu\u00e7\u00e3o. \u00c0s vezes, estar presente, sem julgamentos e sem minimizar aquilo que o outro sente, j\u00e1 faz com que a pessoa se sinta cuidada, importante e valorizada..<\/p>\n<p style=\"text-align: justify;\">Tamb\u00e9m precisamos lembrar que cuidar da sa\u00fade mental n\u00e3o deve acontecer somente quando chegamos ao nosso limite. Assim como cuidamos do corpo, podemos aprender a reconhecer nossas emo\u00e7\u00f5es, respeitar nossos limites, conversar sobre aquilo que nos incomoda e buscar ajuda quando necess\u00e1rio.<\/p>\n<p style=\"text-align: justify;\">Na psicoterapia, por exemplo, encontramos um espa\u00e7o de escuta onde sentimentos, conflitos, medos e ang\u00fastias podem ser acolhidos e elaborados. \u00c9 um espa\u00e7o sem julgamentos, no qual o paciente pode cuidar das suas feridas. Pedir ajuda n\u00e3o \u00e9 sinal de fraqueza. \u00c9 reconhecer que ningu\u00e9m precisa enfrentar tudo sozinho.<\/p>\n<p style=\"text-align: justify;\">Desejo que o Setembro Amarelo possa ir al\u00e9m de uma campanha no calend\u00e1rio. Que seja para nos lembrar, durante todo o ano, que uma conversa pode abrir espa\u00e7o para o acolhimento, uma escuta pode diminuir a solid\u00e3o e um pedido de ajuda pode ser o come\u00e7o de um novo caminho.<\/p>\n<p style=\"text-align: justify;\">Imagem criada pela IA<\/p>\n<p style=\"text-align: justify;\">Sou psic\u00f3loga cl\u00ednica h\u00e1 20 anos, tenho experi\u00eancia em atendimentos de depress\u00e3o, ansiedade e crise de p\u00e2nico.<\/p>\n<p style=\"text-align: justify;\">&nbsp;<\/p>\n<p style=\"text-align: justify;\">&nbsp;<\/p>\n","protected":false},"excerpt":{"rendered":"<p>Por: Clariana Grosso Whatsapp: (11) 992245401 @psicologaclariana &nbsp; Setembro chegou trazendo a cor amarela e, com ela, um convite importante: olhar com mais aten\u00e7\u00e3o para a nossa sa\u00fade emocional e para as pessoas que est\u00e3o ao nosso redor. O Setembro Amarelo \u00e9 um per\u00edodo de conscientiza\u00e7\u00e3o sobre a preven\u00e7\u00e3o do suic\u00eddio, mas falar sobre o [&hellip;]<\/p>\n","protected":false},"author":1,"featured_media":52371,"comment_status":"open","ping_status":"open","sticky":false,"template":"","format":"standard","meta":{"ngg_post_thumbnail":0,"footnotes":""},"categories":[2,407,41],"tags":[],"class_list":["post-52370","post","type-post","status-publish","format-standard","has-post-thumbnail","hentry","category-destaques","category-equilibrio-emocional","category-ultimasnoticias"],"_links":{"self":[{"href":"https:\/\/somdepapo.com.br\/portal\/wp-json\/wp\/v2\/posts\/52370","targetHints":{"allow":["GET"]}}],"collection":[{"href":"https:\/\/somdepapo.com.br\/portal\/wp-json\/wp\/v2\/posts"}],"about":[{"href":"https:\/\/somdepapo.com.br\/portal\/wp-json\/wp\/v2\/types\/post"}],"author":[{"embeddable":true,"href":"https:\/\/somdepapo.com.br\/portal\/wp-json\/wp\/v2\/users\/1"}],"replies":[{"embeddable":true,"href":"https:\/\/somdepapo.com.br\/portal\/wp-json\/wp\/v2\/comments?post=52370"}],"version-history":[{"count":1,"href":"https:\/\/somdepapo.com.br\/portal\/wp-json\/wp\/v2\/posts\/52370\/revisions"}],"predecessor-version":[{"id":52372,"href":"https:\/\/somdepapo.com.br\/portal\/wp-json\/wp\/v2\/posts\/52370\/revisions\/52372"}],"wp:featuredmedia":[{"embeddable":true,"href":"https:\/\/somdepapo.com.br\/portal\/wp-json\/wp\/v2\/media\/52371"}],"wp:attachment":[{"href":"https:\/\/somdepapo.com.br\/portal\/wp-json\/wp\/v2\/media?parent=52370"}],"wp:term":[{"taxonomy":"category","embeddable":true,"href":"https:\/\/somdepapo.com.br\/portal\/wp-json\/wp\/v2\/categories?post=52370"},{"taxonomy":"post_tag","embeddable":true,"href":"https:\/\/somdepapo.com.br\/portal\/wp-json\/wp\/v2\/tags?post=52370"}],"curies":[{"name":"wp","href":"https:\/\/api.w.org\/{rel}","templated":true}]}}