{"id":52376,"date":"2026-09-04T04:56:53","date_gmt":"2026-09-04T07:56:53","guid":{"rendered":"https:\/\/somdepapo.com.br\/portal\/?p=52376"},"modified":"2026-09-03T20:01:10","modified_gmt":"2026-09-03T23:01:10","slug":"ser-eu-mesmo-ou-viver-o-que-nao-sou-isso-sim-e-viver-uma-batalha-titanica-parte-1","status":"publish","type":"post","link":"https:\/\/somdepapo.com.br\/portal\/ser-eu-mesmo-ou-viver-o-que-nao-sou-isso-sim-e-viver-uma-batalha-titanica-parte-1\/","title":{"rendered":"Ser eu mesmo ou viver o que n\u00e3o sou! Isso sim, \u00e9 viver uma batalha tit\u00e2nica (Parte 1)"},"content":{"rendered":"<p style=\"text-align: right;\">Por Dora Paiva&nbsp;<\/p>\n<p style=\"text-align: right;\">@auxiliadorapaivaadv78@gmail.com<\/p>\n<p>&nbsp;<\/p>\n<p style=\"text-align: justify;\">O t\u00edtulo da nossa pauta, nos traz uma s\u00e9rie de questionamentos, que gravitam sobre a cabe\u00e7a de muitos de n\u00f3s. Como ele mesmo afirma, essa \u00e9 uma grande Batalha Tit\u00e2nica. E isso acontece com muito mais frequ\u00eancia, de que podemos imaginar. \u00c9 um contexto pessoal e individualizado, que aos poucos vai se tornando um peso absurdo, para a vida de algu\u00e9m. \u00c9 como se fosse uma esp\u00e9cie de mutila\u00e7\u00e3o, onde o que \u00e9 Verdadeiro, abre o espa\u00e7o para a infiltra\u00e7\u00e3o do Camuflado. A\u00ed voc\u00eas me perguntam: Como isso \u00e9 poss\u00edvel? Como lidar com essa situa\u00e7\u00e3o?<\/p>\n<p style=\"text-align: justify;\">Esse \u00e9 um movimento que acontece, pelo fato de uma pessoa demonstrar, sustentar e apresentar, para os outros, aquilo que verdadeiramente ele n\u00e3o \u00e9. Diga-se de passagem, trata-se de uma imensur\u00e1vel viol\u00eancia para qualquer pessoa, gerando por consequ\u00eancia nessas pessoas, um gigantesco desgaste psicoemocional. E quando esse quadro \u00e9 instalado, ele vem sempre acompanhado de uma sintomatologia desgastante, exaustiva e at\u00e9 perigosa. E isso se d\u00e1 em raz\u00e3o, dela desenvolver entre os que vivenciam esse quadro, a desagrad\u00e1vel sensa\u00e7\u00e3o de estar interpretando uma personagem e assim vai ocultando a sua verdadeira identidade.<\/p>\n<p style=\"text-align: justify;\">Em recente entrevista, o cantor Junior Lima, que fazia dupla com a irm\u00e3 Sandy, teceu alguns coment\u00e1rios , sobre essa situa\u00e7\u00e3o que estamos abordando. E o que mais chamou aten\u00e7\u00e3o de todos nessa entrevista, foram as sua coloca\u00e7\u00f5es sobre a press\u00e3o gigantesca que ele sofreu, entre os seus 20 e 30 anos. Revelou ainda, que durante esse per\u00edodo, ele teve in\u00fameras crises de p\u00e2nico, decorrente do alto n\u00edvel do estresse e da ansiedade desenvovidas.<\/p>\n<p style=\"text-align: justify;\">A fama, o sucesso, a m\u00eddia e a pr\u00f3pria sociedade faz cobran\u00e7as \u00e0s pessoas de um modo geral, incluindo nesse bloco os artistas de um modo geral. S\u00e3o cobradas, posturas, condutas e posicionamentos, que v\u00e3o na maioria das vezes, contr\u00e1rios e diferentes do indiv\u00edduo. Eles tra\u00e7am um perfil da perfei\u00e7\u00e3o, com um modelo de candura irretoc\u00e1vel. Como ele mesmo citou na entrevista, havia um vazio no seu interior. Havia uma batalha interna, por ter que demonstrar algo que n\u00e3o era verdadeiro e real. Era uma jogada artesanal, para atender a essas estruturas impostas. Dessa forma a sua ess\u00eancia estava camuflada. Como poderemos ajudar algu\u00e9m nesse contexto?&nbsp;<\/p>\n<p style=\"text-align: justify;\">E \u00e9 justamente nesse momento que a Famosa Rede de Apoio, entra em campo em busca de um atendimento psicoterap\u00eautico. A fam\u00edlia \u00e9 grande parceira, \u00e9 um imenso refor\u00e7o. O n\u00facleo familiar, exerce um poder extraordin\u00e1rio, os vitimados por essa condi\u00e7\u00e3o.No caso do J\u00fanior Lima, ele relata que os seus pais foram essenciais, para a supera\u00e7\u00e3o do quadro, principalmente a sua m\u00e3e Noely, cujo trabalho foi de extrema relev\u00e2ncia para a supera\u00e7\u00e3o do quadro.<\/p>\n<p style=\"text-align: justify;\">Por hoje ficamos por aqui, pois na pr\u00f3xima semana, teremos a continua\u00e7\u00e3o. Nela iremos detalhar as consequ\u00eancias que podem advir, com a pr\u00e1tica dessa condi\u00e7\u00e3o. No mais, pense nisso carinhosamente. Namast\u00ea!<\/p>\n<p>&nbsp;<\/p>\n<p style=\"text-align: justify;\">Texto autoral, redigido para apresenta\u00e7\u00e3o no workshop sobre O Homem Integral sob \u00d3tica Qu\u00e2ntica, realizado em Novembro\/2025, no munic\u00edpio de S\u00e3o Sebasti\u00e3o do Pass\u00e9 \u2013 Bahia.<\/p>\n<p>Imagem:www.pinterest.com.br<\/p>\n<p>&nbsp;<\/p>\n<p>&nbsp;<\/p>\n<p>&nbsp;<\/p>\n<p>&nbsp;<\/p>\n<p>&nbsp;<\/p>\n","protected":false},"excerpt":{"rendered":"<p>Por Dora Paiva&nbsp; @auxiliadorapaivaadv78@gmail.com &nbsp; O t\u00edtulo da nossa pauta, nos traz uma s\u00e9rie de questionamentos, que gravitam sobre a cabe\u00e7a de muitos de n\u00f3s. Como ele mesmo afirma, essa \u00e9 uma grande Batalha Tit\u00e2nica. E isso acontece com muito mais frequ\u00eancia, de que podemos imaginar. \u00c9 um contexto pessoal e individualizado, que aos poucos [&hellip;]<\/p>\n","protected":false},"author":1,"featured_media":52377,"comment_status":"open","ping_status":"open","sticky":false,"template":"","format":"standard","meta":{"ngg_post_thumbnail":0,"footnotes":""},"categories":[2,36,41],"tags":[],"class_list":["post-52376","post","type-post","status-publish","format-standard","has-post-thumbnail","hentry","category-destaques","category-positividade","category-ultimasnoticias"],"_links":{"self":[{"href":"https:\/\/somdepapo.com.br\/portal\/wp-json\/wp\/v2\/posts\/52376","targetHints":{"allow":["GET"]}}],"collection":[{"href":"https:\/\/somdepapo.com.br\/portal\/wp-json\/wp\/v2\/posts"}],"about":[{"href":"https:\/\/somdepapo.com.br\/portal\/wp-json\/wp\/v2\/types\/post"}],"author":[{"embeddable":true,"href":"https:\/\/somdepapo.com.br\/portal\/wp-json\/wp\/v2\/users\/1"}],"replies":[{"embeddable":true,"href":"https:\/\/somdepapo.com.br\/portal\/wp-json\/wp\/v2\/comments?post=52376"}],"version-history":[{"count":1,"href":"https:\/\/somdepapo.com.br\/portal\/wp-json\/wp\/v2\/posts\/52376\/revisions"}],"predecessor-version":[{"id":52378,"href":"https:\/\/somdepapo.com.br\/portal\/wp-json\/wp\/v2\/posts\/52376\/revisions\/52378"}],"wp:featuredmedia":[{"embeddable":true,"href":"https:\/\/somdepapo.com.br\/portal\/wp-json\/wp\/v2\/media\/52377"}],"wp:attachment":[{"href":"https:\/\/somdepapo.com.br\/portal\/wp-json\/wp\/v2\/media?parent=52376"}],"wp:term":[{"taxonomy":"category","embeddable":true,"href":"https:\/\/somdepapo.com.br\/portal\/wp-json\/wp\/v2\/categories?post=52376"},{"taxonomy":"post_tag","embeddable":true,"href":"https:\/\/somdepapo.com.br\/portal\/wp-json\/wp\/v2\/tags?post=52376"}],"curies":[{"name":"wp","href":"https:\/\/api.w.org\/{rel}","templated":true}]}}