{"id":52395,"date":"2026-09-05T05:48:25","date_gmt":"2026-09-05T08:48:25","guid":{"rendered":"https:\/\/somdepapo.com.br\/portal\/?p=52395"},"modified":"2026-09-04T18:55:14","modified_gmt":"2026-09-04T21:55:14","slug":"divisao-nas-relacoes-leva-a-ruina-e-biblico","status":"publish","type":"post","link":"https:\/\/somdepapo.com.br\/portal\/divisao-nas-relacoes-leva-a-ruina-e-biblico\/","title":{"rendered":"Divis\u00e3o nas Rela\u00e7\u00f5es leva \u00e0 ru\u00edna. \u00c9 B\u00edblico"},"content":{"rendered":"<p style=\"text-align: right;\">\u201c&#8221;Todo reino dividido contra si mesmo ficar\u00e1 deserto.&#8221; \u2014 Mateus 12:25<\/p>\n<p style=\"text-align: justify;\">&nbsp; &nbsp; &nbsp; &nbsp; &nbsp;<\/p>\n<p style=\"text-align: right;\">&nbsp; &nbsp; &nbsp; &nbsp; &nbsp;Por Gilanio Calixto.<\/p>\n<p style=\"text-align: justify;\">&nbsp;<\/p>\n<p style=\"text-align: justify;\">&nbsp;Ol\u00e1 meus queridos leitores e leitoras, vamos juntos mais um s\u00e1bado realizar uma pequena reflex\u00e3o? Desta vez trago um ponto biblico citado pelo Grande Mestre Jesus que nos faz pensar sobre nossas realidades de Vida e nas nossas rela\u00e7\u00f5es, vale a pena ler e refletir.<\/p>\n<p style=\"text-align: justify;\">&nbsp;H\u00e1 palavras que atravessam os s\u00e9culos e continuam encontrando morada no cora\u00e7\u00e3o humano. Essa \u00e9 uma delas. Jesus n\u00e3o estava falando apenas de reinos, governos ou territ\u00f3rios. Ele estava revelando uma verdade profunda sobre tudo aquilo que precisa permanecer unido para continuar de p\u00e9: Uma fam\u00edlia, uma amizade, uma comunidade, uma igreja e, principalmente, o pr\u00f3prio cora\u00e7\u00e3o.<\/p>\n<p style=\"text-align: justify;\">&nbsp;Um reino n\u00e3o precisa ser atacado por um ex\u00e9rcito inimigo para come\u00e7ar a cair. \u00c0s vezes, a batalha mais perigosa acontece dentro dos seus pr\u00f3prios muros, no interior de cada \u00e1rea da vida. Quando pessoas que deveriam caminhar juntas come\u00e7am a se ferir, quando o orgulho fala mais alto que o amor, quando o perd\u00e3o d\u00e1 lugar \u00e0 m\u00e1goa e quando cada um passa a lutar apenas para provar que est\u00e1 certo, algo come\u00e7a a morrer silenciosamente. Voc\u00ea j\u00e1 experimentou isso no seu dia a dia?<\/p>\n<p style=\"text-align: justify;\">&nbsp;Primeiro desaparece a paz, depois a confian\u00e7a, em seguida a esperan\u00e7a, e quando ningu\u00e9m percebe, aquilo que um dia era cheio de vida come\u00e7a a se tornar um deserto, um vazio e at\u00e9 mesmo uma enxurrada de l\u00e1grimas e remorsos. Mas ainda explico mais detalhes: O perigo de estar dividido.<\/p>\n<p style=\"text-align: justify;\">&nbsp;Existe uma divis\u00e3o que n\u00e3o aparece nos olhos, mas pode ser sentida na alma, quando algu\u00e9m sorri por fora, mas por dentro est\u00e1 em guerra consigo mesmo, quando deseja perdoar, mas alimenta ressentimentos, m\u00e1goas, marcas negativas e outros. Quando quer seguir em frente, mas continua preso ao passado, remoendo situa\u00e7\u00f5es e fatos. Quando sabe o que precisa fazer, mas permite que o medo o impe\u00e7a e a inseguran\u00e7a se fa\u00e7a presente em seus pensamentos.<\/p>\n<p style=\"text-align: justify;\">&nbsp;Quantas pessoas vivem assim? Voc\u00ea deve conhecer in\u00fameras pessoas que vivem neste deserto de guerra interior e exterior, de p\u00e9 por fora, mas desmoronando por dentro.<\/p>\n<p style=\"text-align: justify;\">&nbsp;Talvez essa seja uma das maiores batalhas da vida: conseguir fazer com que aquilo que pensamos, sentimos e fazemos caminhe na mesma dire\u00e7\u00e3o. Um cora\u00e7\u00e3o dividido perde for\u00e7as, fam\u00edlia dividida perde sua prote\u00e7\u00e3o, comunidade dividida perde seu prop\u00f3sito e sua viv\u00eancia social, uma igreja dividida perde seu testemunho, e por fim uma sociedade dividida come\u00e7a a destruir a si mesma.<\/p>\n<p style=\"text-align: justify;\">&nbsp;\u00c0s vezes, precisamos aprender uma coisa dif\u00edcil: vencer uma discuss\u00e3o pode ser muito menos importante do que preservar um relacionamento, existem pessoas que ganharam debates, mas perderam amigos. Ganharam argumentos, mas perderam a paz, provaram que estavam certas, mas terminaram sozinhas. Precisamos perguntar a n\u00f3s mesmos:<\/p>\n<p style=\"text-align: justify;\">&nbsp;O que estou tentando vencer \u2014 e o que estou colocando em risco para vencer? Porque h\u00e1 vit\u00f3rias que custam caro demais, por exemplo: O orgulho diz: &#8220;N\u00e3o d\u00ea o primeiro passo.&#8221;, O amor responde: &#8220;Procure a reconcilia\u00e7\u00e3o.&#8221;, O orgulho diz: &#8220;Ele precisa pedir perd\u00e3o primeiro.&#8221;, A sabedoria responde: &#8220;Fa\u00e7a a sua parte.&#8221; S\u00f3 amando que poderemos evoluir, at\u00e9 porque o amor constr\u00f3i pontes e algumas pontes precisam ser constru\u00eddas antes que o abismo se torne grande demais.<\/p>\n<p style=\"text-align: justify;\">&nbsp;Ainda h\u00e1 tempo para reconstruir: A beleza dessa mensagem \u00e9 que Jesus n\u00e3o nos alerta sobre a divis\u00e3o para nos condenar, mas para nos despertar. Se existe divis\u00e3o, existe a necessidade de reconcilia\u00e7\u00e3o. Se existe uma ferida, pode existir cura. Se existe dist\u00e2ncia, ainda pode existir um caminho de volta. Talvez hoje seja o dia de procurar algu\u00e9m, talvez seja o dia de dizer: &#8220;Eu errei.&#8221; Talvez seja o dia de ouvir sem interromper, seja o dia de deixar para tr\u00e1s uma m\u00e1goa que h\u00e1 anos ocupa espa\u00e7o dentro do cora\u00e7\u00e3o. N\u00e3o precisamos esperar perder algu\u00e9m para descobrir o valor de t\u00ea-lo por perto. N\u00e3o precisamos esperar uma fam\u00edlia se desfazer para perceber que o orgulho n\u00e3o vale a pena. N\u00e3o precisamos esperar o sil\u00eancio tomar conta de uma amizade para lembrar das conversas que um dia nos fizeram sorrir.<\/p>\n<p style=\"text-align: justify;\">&nbsp;H\u00e1 coisas que podem ser reconstru\u00eddas enquanto ainda estamos a tempo: N\u00e3o deixe seu cora\u00e7\u00e3o se tornar um deserto. O deserto n\u00e3o surge de uma hora para outra.<\/p>\n<p style=\"text-align: justify;\">Ele come\u00e7a quando a \u00e1gua vai deixando de correr. Da mesma forma, relacionamentos n\u00e3o costumam morrer em um \u00fanico dia. Muitas vezes, v\u00e3o se tornando secos atrav\u00e9s de pequenas m\u00e1goas acumuladas, palavras n\u00e3o ditas, perd\u00f5es adiados e dist\u00e2ncias que ningu\u00e9m se disp\u00f5e a diminuir.<\/p>\n<p style=\"text-align: justify;\">Por isso, cuide do que Deus colocou em suas m\u00e3os.<\/p>\n<p style=\"text-align: justify;\">&nbsp;<\/p>\n<p style=\"text-align: justify;\">&nbsp;<\/p>\n<p style=\"text-align: justify;\">&nbsp;Gostou da abordagem?<\/p>\n<p style=\"text-align: justify;\">Fonte do texto: Propria Autoria retirado pontos do meu livro: Degraus de Deus para Uma Vida Nova.<\/p>\n<p style=\"text-align: justify;\">Imagem Internet: \u2013 Biblia Divina&nbsp;&nbsp;<\/p>\n<p style=\"text-align: justify;\">&nbsp;<\/p>\n<p style=\"text-align: justify;\">Quer saber mais sobre estes assuntos e outros? Me segue nas redes sociais e l\u00e1 ter\u00e1s mais dicas e informa\u00e7\u00f5es. @gilaniocalixtoadv; @mcrereser.<\/p>\n<p style=\"text-align: justify;\">&nbsp;<\/p>\n<p style=\"text-align: justify;\">Gilanio Calixto Velez<\/p>\n<p style=\"text-align: justify;\">Advogado e Professor<\/p>\n<p style=\"text-align: justify;\">&nbsp;<\/p>\n<p style=\"text-align: justify;\">Advogado especialista em Direito Previdenci\u00e1rio e em Direito de Familia<\/p>\n<p style=\"text-align: justify;\">Professor Universit\u00e1rio em Direitos Humanos e Educa\u00e7\u00e3o Emocional<\/p>\n<p style=\"text-align: justify;\">Palestrante Motivacional e de Carreira Profissional e Autor de Livros<\/p>\n<p style=\"text-align: justify;\">Fundador do Instituto de Desenvolvimento Humano &#8211; Crer &amp; Ser \u2013 Metodologia e Projeto de Vida &#8211; Campina Grande \u2013 PB e Queimadas \u2013 PB<\/p>\n<p style=\"text-align: justify;\">Perfil no Instagram: @gilaniocalixtoadv; @mcrereser<\/p>\n<p style=\"text-align: justify;\">Email: gcalixtoadvocacia@gmail.com ; fone: (83).9.9866.3639.<\/p>\n<p style=\"text-align: justify;\">&nbsp;<\/p>\n","protected":false},"excerpt":{"rendered":"<p>\u201c&#8221;Todo reino dividido contra si mesmo ficar\u00e1 deserto.&#8221; \u2014 Mateus 12:25 &nbsp; &nbsp; &nbsp; &nbsp; &nbsp; &nbsp; &nbsp; &nbsp; &nbsp; &nbsp;Por Gilanio Calixto. &nbsp; &nbsp;Ol\u00e1 meus queridos leitores e leitoras, vamos juntos mais um s\u00e1bado realizar uma pequena reflex\u00e3o? Desta vez trago um ponto biblico citado pelo Grande Mestre Jesus que nos faz pensar sobre [&hellip;]<\/p>\n","protected":false},"author":1,"featured_media":52396,"comment_status":"open","ping_status":"open","sticky":false,"template":"","format":"standard","meta":{"ngg_post_thumbnail":0,"footnotes":""},"categories":[225,2,31,41],"tags":[],"class_list":["post-52395","post","type-post","status-publish","format-standard","has-post-thumbnail","hentry","category-cidadania","category-destaques","category-noticias","category-ultimasnoticias"],"_links":{"self":[{"href":"https:\/\/somdepapo.com.br\/portal\/wp-json\/wp\/v2\/posts\/52395","targetHints":{"allow":["GET"]}}],"collection":[{"href":"https:\/\/somdepapo.com.br\/portal\/wp-json\/wp\/v2\/posts"}],"about":[{"href":"https:\/\/somdepapo.com.br\/portal\/wp-json\/wp\/v2\/types\/post"}],"author":[{"embeddable":true,"href":"https:\/\/somdepapo.com.br\/portal\/wp-json\/wp\/v2\/users\/1"}],"replies":[{"embeddable":true,"href":"https:\/\/somdepapo.com.br\/portal\/wp-json\/wp\/v2\/comments?post=52395"}],"version-history":[{"count":1,"href":"https:\/\/somdepapo.com.br\/portal\/wp-json\/wp\/v2\/posts\/52395\/revisions"}],"predecessor-version":[{"id":52397,"href":"https:\/\/somdepapo.com.br\/portal\/wp-json\/wp\/v2\/posts\/52395\/revisions\/52397"}],"wp:featuredmedia":[{"embeddable":true,"href":"https:\/\/somdepapo.com.br\/portal\/wp-json\/wp\/v2\/media\/52396"}],"wp:attachment":[{"href":"https:\/\/somdepapo.com.br\/portal\/wp-json\/wp\/v2\/media?parent=52395"}],"wp:term":[{"taxonomy":"category","embeddable":true,"href":"https:\/\/somdepapo.com.br\/portal\/wp-json\/wp\/v2\/categories?post=52395"},{"taxonomy":"post_tag","embeddable":true,"href":"https:\/\/somdepapo.com.br\/portal\/wp-json\/wp\/v2\/tags?post=52395"}],"curies":[{"name":"wp","href":"https:\/\/api.w.org\/{rel}","templated":true}]}}