{"id":52404,"date":"2026-09-05T03:42:38","date_gmt":"2026-09-05T06:42:38","guid":{"rendered":"https:\/\/somdepapo.com.br\/portal\/?p=52404"},"modified":"2026-09-04T19:46:29","modified_gmt":"2026-09-04T22:46:29","slug":"vale-a-pena-ver-a-vida-com-olhos-de-sociologo","status":"publish","type":"post","link":"https:\/\/somdepapo.com.br\/portal\/vale-a-pena-ver-a-vida-com-olhos-de-sociologo\/","title":{"rendered":"Vale a pena ver a vida com olhos de Soci\u00f3logo"},"content":{"rendered":"<p style=\"text-align: right;\">Por Fabrizio Martins Tavoni<\/p>\n<p style=\"text-align: right;\">@fabriziotavoni_profissional<\/p>\n<p style=\"text-align: justify;\">&nbsp;<\/p>\n<p style=\"text-align: justify;\">Quando eu era crian\u00e7a em Guara\u00e7a\u00ed, munic\u00edpio no interior de S\u00e3o Paulo, havia uma mulher que eu via toda manh\u00e3 estendendo roupa no varal sempre no mesmo hor\u00e1rio, enquanto eu seguia para a escola. N\u00e3o era lei, ningu\u00e9m a obrigava, e ainda assim ela cumpria o ritual com a pontualidade de quem bate cart\u00e3o. Se um dia o varal amanhecesse vazio, algu\u00e9m estranharia. \u00c9 nesse detalhe min\u00fasculo, um varal, um hor\u00e1rio, que mora aquilo que a Sociologia chama de fato social: aquelas regras invis\u00edveis que n\u00e3o escrevemos em lugar nenhum, mas que seguimos como se fossem naturais.<\/p>\n<p style=\"text-align: justify;\"><img fetchpriority=\"high\" decoding=\"async\" class=\"alignnone size-full wp-image-52406\" src=\"https:\/\/somdepapo.com.br\/portal\/wp-content\/uploads\/2026\/09\/Imagem-01.png\" alt=\"\" width=\"994\" height=\"662\" srcset=\"https:\/\/somdepapo.com.br\/portal\/wp-content\/uploads\/2026\/09\/Imagem-01.png 994w, https:\/\/somdepapo.com.br\/portal\/wp-content\/uploads\/2026\/09\/Imagem-01-300x200.png 300w, https:\/\/somdepapo.com.br\/portal\/wp-content\/uploads\/2026\/09\/Imagem-01-768x511.png 768w, https:\/\/somdepapo.com.br\/portal\/wp-content\/uploads\/2026\/09\/Imagem-01-150x100.png 150w, https:\/\/somdepapo.com.br\/portal\/wp-content\/uploads\/2026\/09\/Imagem-01-750x499.png 750w\" sizes=\"(max-width: 994px) 100vw, 994px\" \/><\/p>\n<p style=\"text-align: justify;\">Escrevo isso porque a proposta desta coluna \u00e9 pegar cenas comuns como essa e vir\u00e1-las do avesso. Pois a Sociologia n\u00e3o nasceu para ficar presa em salas de aula ou em livros grossos de capa dura. A Sociologia nasceu de uma inquieta\u00e7\u00e3o bem cotidiana, que \u00e9 a desconfian\u00e7a de que aquilo que chamamos de \u201cnormal\u201d, \u201cnatural\u201d ou \u201csempre foi assim\u201d \u00e9, na verdade, constru\u00eddo por n\u00f3s, coletivamente, ao longo do tempo. E o que foi constru\u00eddo pode ser entendido. E o que \u00e9 entendido pode ser mudado.<\/p>\n<p style=\"text-align: justify;\">Vivemos um momento em que quase tudo parece decidido no \u00e2mbito individual. Se voc\u00ea est\u00e1 cansado, \u00e9 porque n\u00e3o se organiza. Se n\u00e3o conseguiu emprego, \u00e9 porque n\u00e3o se esfor\u00e7ou. Se est\u00e1 infeliz, resolva com terapia e disciplina. H\u00e1 verdade em parte disso, mas h\u00e1 tamb\u00e9m uma armadilha. Muito do que sentimos como fracasso pessoal tem ra\u00edzes que s\u00e3o coletivas, hist\u00f3ricas, estruturais. O olhar sociol\u00f3gico \u00e9 justamente esse deslocamento que faz sair do \u201cpor que isso acontece comigo?\u201d para \u201cpor que isso acontece com tanta gente ao mesmo tempo?\u201d.<\/p>\n<p style=\"text-align: justify;\"><img decoding=\"async\" class=\"alignnone size-full wp-image-52407\" src=\"https:\/\/somdepapo.com.br\/portal\/wp-content\/uploads\/2026\/09\/Imagem-02-1.png\" alt=\"\" width=\"1642\" height=\"772\" srcset=\"https:\/\/somdepapo.com.br\/portal\/wp-content\/uploads\/2026\/09\/Imagem-02-1.png 1642w, https:\/\/somdepapo.com.br\/portal\/wp-content\/uploads\/2026\/09\/Imagem-02-1-300x141.png 300w, https:\/\/somdepapo.com.br\/portal\/wp-content\/uploads\/2026\/09\/Imagem-02-1-1024x481.png 1024w, https:\/\/somdepapo.com.br\/portal\/wp-content\/uploads\/2026\/09\/Imagem-02-1-768x361.png 768w, https:\/\/somdepapo.com.br\/portal\/wp-content\/uploads\/2026\/09\/Imagem-02-1-1536x722.png 1536w, https:\/\/somdepapo.com.br\/portal\/wp-content\/uploads\/2026\/09\/Imagem-02-1-150x71.png 150w, https:\/\/somdepapo.com.br\/portal\/wp-content\/uploads\/2026\/09\/Imagem-02-1-750x353.png 750w, https:\/\/somdepapo.com.br\/portal\/wp-content\/uploads\/2026\/09\/Imagem-02-1-1140x536.png 1140w\" sizes=\"(max-width: 1642px) 100vw, 1642px\" \/><\/p>\n<p style=\"text-align: justify;\">\u00c9 isso que pretendo trazer aqui a cada semana. Vou falar de trabalho e desigualdade, de religi\u00e3o e redes sociais, de cidade, fam\u00edlia, consumo e medo. Vou citar alguns pensadores pelo caminho, mas prometo traduzir cada ideia complicada para a linguagem da mesa de bar, que, ali\u00e1s, \u00e9 onde a melhor Sociologia informal acontece. Meu objetivo n\u00e3o \u00e9 dar respostas prontas, e sim oferecer boas perguntas. Aquelas que ficam ecoando depois da leitura.<\/p>\n<p style=\"text-align: justify;\">Agrade\u00e7o ao Gilberto Romano e ao Portal Som de Papo pelo convite e pelo espa\u00e7o. Assim como tamb\u00e9m agrade\u00e7o a Paula Silveira, da coluna de Naturismo, que me abriu espa\u00e7o para escrever alguns textos sobre o estilo de vida naturista. E convido voc\u00ea, leitor, para um acordo. Da pr\u00f3xima vez que se pegar dizendo \u201c\u00e9 assim que as coisas s\u00e3o\u201d, desconfie um pouco. Puxe o fio. Quase sempre h\u00e1 uma hist\u00f3ria social escondida ali; e ela costuma ser mais interessante do que parece.<\/p>\n<p style=\"text-align: justify;\">At\u00e9 o pr\u00f3ximo s\u00e1bado!<\/p>\n<p style=\"text-align: justify;\">&nbsp;<\/p>\n<p style=\"text-align: justify;\">Soci\u00f3logo formado pela UEL, Mestre em Ci\u00eancia Pol\u00edtica pela UFSCar e atualmente concluindo um Doutorado em Educa\u00e7\u00e3o na Unicamp.<\/p>\n<p style=\"text-align: justify;\">&nbsp;<\/p>\n","protected":false},"excerpt":{"rendered":"<p>Por Fabrizio Martins Tavoni @fabriziotavoni_profissional &nbsp; Quando eu era crian\u00e7a em Guara\u00e7a\u00ed, munic\u00edpio no interior de S\u00e3o Paulo, havia uma mulher que eu via toda manh\u00e3 estendendo roupa no varal sempre no mesmo hor\u00e1rio, enquanto eu seguia para a escola. N\u00e3o era lei, ningu\u00e9m a obrigava, e ainda assim ela cumpria o ritual com a [&hellip;]<\/p>\n","protected":false},"author":1,"featured_media":52405,"comment_status":"open","ping_status":"open","sticky":false,"template":"","format":"standard","meta":{"ngg_post_thumbnail":0,"footnotes":""},"categories":[2,441,41],"tags":[],"class_list":["post-52404","post","type-post","status-publish","format-standard","has-post-thumbnail","hentry","category-destaques","category-sociologia","category-ultimasnoticias"],"_links":{"self":[{"href":"https:\/\/somdepapo.com.br\/portal\/wp-json\/wp\/v2\/posts\/52404","targetHints":{"allow":["GET"]}}],"collection":[{"href":"https:\/\/somdepapo.com.br\/portal\/wp-json\/wp\/v2\/posts"}],"about":[{"href":"https:\/\/somdepapo.com.br\/portal\/wp-json\/wp\/v2\/types\/post"}],"author":[{"embeddable":true,"href":"https:\/\/somdepapo.com.br\/portal\/wp-json\/wp\/v2\/users\/1"}],"replies":[{"embeddable":true,"href":"https:\/\/somdepapo.com.br\/portal\/wp-json\/wp\/v2\/comments?post=52404"}],"version-history":[{"count":1,"href":"https:\/\/somdepapo.com.br\/portal\/wp-json\/wp\/v2\/posts\/52404\/revisions"}],"predecessor-version":[{"id":52408,"href":"https:\/\/somdepapo.com.br\/portal\/wp-json\/wp\/v2\/posts\/52404\/revisions\/52408"}],"wp:featuredmedia":[{"embeddable":true,"href":"https:\/\/somdepapo.com.br\/portal\/wp-json\/wp\/v2\/media\/52405"}],"wp:attachment":[{"href":"https:\/\/somdepapo.com.br\/portal\/wp-json\/wp\/v2\/media?parent=52404"}],"wp:term":[{"taxonomy":"category","embeddable":true,"href":"https:\/\/somdepapo.com.br\/portal\/wp-json\/wp\/v2\/categories?post=52404"},{"taxonomy":"post_tag","embeddable":true,"href":"https:\/\/somdepapo.com.br\/portal\/wp-json\/wp\/v2\/tags?post=52404"}],"curies":[{"name":"wp","href":"https:\/\/api.w.org\/{rel}","templated":true}]}}