{"id":52412,"date":"2026-09-05T12:08:34","date_gmt":"2026-09-05T15:08:34","guid":{"rendered":"https:\/\/somdepapo.com.br\/portal\/?p=52412"},"modified":"2026-09-05T12:08:34","modified_gmt":"2026-09-05T15:08:34","slug":"acidente-de-trabalho-e-depois","status":"publish","type":"post","link":"https:\/\/somdepapo.com.br\/portal\/acidente-de-trabalho-e-depois\/","title":{"rendered":"Acidente de Trabalho. E depois?"},"content":{"rendered":"<p style=\"text-align: right;\">Por Dra Thayse Santos<\/p>\n<p style=\"text-align: right;\">@veridiana.mediciapericial<\/p>\n<p style=\"text-align: right;\">@dra.thaysesantos<\/p>\n<p style=\"text-align: justify;\">&nbsp;<\/p>\n<p style=\"text-align: justify;\">Um acidente acontece em segundos. Uma queda, um corte, uma fratura, uma les\u00e3o na coluna, uma queimadura, uma m\u00e1quina que provoca uma les\u00e3o inesperada. Mas, depois do acidente, come\u00e7a uma hist\u00f3ria que pode durar meses ou at\u00e9 anos. E \u00e9 justamente nessa hist\u00f3ria que a Medicina Pericial tem um papel importante.&nbsp;<\/p>\n<p style=\"text-align: justify;\">Quando um trabalhador sofre um acidente relacionado ao trabalho, uma das primeiras perguntas costuma ser: \u201cEle ficou com alguma sequela?\u201d \u00c9 necess\u00e1rio compreender o que aconteceu, quais estruturas foram lesionadas, como foi o tratamento, qual foi a evolu\u00e7\u00e3o cl\u00ednica e, principalmente, quais consequ\u00eancias permaneceram e se h\u00e1 a possibilidade de retornar ao trabalho, mesmo com redu\u00e7\u00e3o de for\u00e7a, mobilidade, resist\u00eancia ou capacidade para determinadas tarefas.<\/p>\n<p style=\"text-align: justify;\">\u00c9 por isso que a per\u00edcia m\u00e9dica n\u00e3o termina quando a les\u00e3o \u00e9 identificada. Ela precisa olhar para o depois. Como aquele trabalhador est\u00e1 hoje? O que ele consegue fazer? O que deixou de conseguir fazer? Existe alguma limita\u00e7\u00e3o funcional? Essa limita\u00e7\u00e3o interfere diretamente nas atividades que exercia antes do acidente? \u00c9 poss\u00edvel realizar as mesmas tarefas com seguran\u00e7a? Essas quest\u00f5es s\u00e3o fundamentais para compreender a verdadeira repercuss\u00e3o de um acidente. Imagine, por exemplo, um trabalhador que sofreu uma les\u00e3o no ombro.<\/p>\n<p style=\"text-align: justify;\">Ap\u00f3s o tratamento, ele pode apresentar uma boa recupera\u00e7\u00e3o para atividades cotidianas. Mas, se sua profiss\u00e3o exige levantar cargas pesadas repetidamente, aquela mesma limita\u00e7\u00e3o pode ter uma import\u00e2ncia muito maior no ambiente de trabalho. \u00c9 por isso que a avalia\u00e7\u00e3o pericial precisa considerar tamb\u00e9m a profiss\u00e3o exercida. Pois, a exist\u00eancia de uma sequela n\u00e3o significa automaticamente incapacidade total para o trabalho. Da mesma forma, conseguir realizar algumas atividades do cotidiano n\u00e3o significa necessariamente que a pessoa esteja plenamente apta para desempenhar sua fun\u00e7\u00e3o profissional. Entre uma coisa e outra existe um elemento fundamental: a capacidade funcional.<\/p>\n<p style=\"text-align: justify;\">A Medicina Pericial busca compreender essa rela\u00e7\u00e3o entre a les\u00e3o, a sequela, as limita\u00e7\u00f5es e as exig\u00eancias concretas do trabalho. E h\u00e1 ainda uma quest\u00e3o importante: nem toda consequ\u00eancia de um acidente \u00e9 vis\u00edvel. Algumas limita\u00e7\u00f5es podem estar relacionadas \u00e0 dor persistente, redu\u00e7\u00e3o de movimentos, perda de for\u00e7a, altera\u00e7\u00f5es neurol\u00f3gicas ou repercuss\u00f5es emocionais. Por isso, uma avalia\u00e7\u00e3o respons\u00e1vel n\u00e3o deve se limitar \u00e0 apar\u00eancia ou a um \u00fanico exame.<\/p>\n<p style=\"text-align: justify;\">\u00c9 necess\u00e1rio reconstruir a hist\u00f3ria e analisar o conjunto das informa\u00e7\u00f5es dispon\u00edveis. No final, talvez a pergunta mais importante n\u00e3o seja simplesmente: \u201cO trabalhador sofreu um acidente?\u201d Mas sim: \u201cO que esse acidente deixou como consequ\u00eancia e como isso interfere, hoje, na vida e no trabalho dessa pessoa?\u201d \u00c9 nesse ponto que a Medicina encontra a realidade. Porque o acidente acontece em um instante. Mas suas consequ\u00eancias podem acompanhar uma pessoa por muito tempo. E compreender essas consequ\u00eancias exige ci\u00eancia, t\u00e9cnica, escuta e responsabilidade.<\/p>\n<p style=\"text-align: justify;\">&nbsp;<\/p>\n<p style=\"text-align: justify;\">&nbsp;<\/p>\n<p style=\"text-align: justify;\">Dra. Thayse Santos, \u00e9 m\u00e9dica especialista e atuante nas \u00e1reas de Per\u00edcia M\u00e9dica Judicial, sa\u00fade mental, beleza e qualidade de vida. Atua como perita m\u00e9dica junto ao Poder Judici\u00e1rio, realizando avalia\u00e7\u00f5es t\u00e9cnicas em processos judiciais com enfoque \u00e9tico, humanizado e baseado em evid\u00eancias cient\u00edficas.<\/p>\n<p style=\"text-align: justify;\">&nbsp;<\/p>\n<p style=\"text-align: justify;\">Esta coluna busca aproximar o p\u00fablico do universo da per\u00edcia m\u00e9dica por meio de uma linguagem clara, acess\u00edvel e acolhedora, traduzindo temas t\u00e9cnicos para o cotidiano das pessoas.<\/p>\n<p style=\"text-align: justify;\">&nbsp;<\/p>\n<p style=\"text-align: justify;\">&nbsp;<\/p>\n<p style=\"text-align: justify;\">&nbsp;<\/p>\n<p style=\"text-align: justify;\">&nbsp;<\/p>\n","protected":false},"excerpt":{"rendered":"<p>Por Dra Thayse Santos @veridiana.mediciapericial @dra.thaysesantos &nbsp; Um acidente acontece em segundos. Uma queda, um corte, uma fratura, uma les\u00e3o na coluna, uma queimadura, uma m\u00e1quina que provoca uma les\u00e3o inesperada. Mas, depois do acidente, come\u00e7a uma hist\u00f3ria que pode durar meses ou at\u00e9 anos. E \u00e9 justamente nessa hist\u00f3ria que a Medicina Pericial tem [&hellip;]<\/p>\n","protected":false},"author":1,"featured_media":52413,"comment_status":"open","ping_status":"open","sticky":false,"template":"","format":"standard","meta":{"ngg_post_thumbnail":0,"footnotes":""},"categories":[2,421,41],"tags":[],"class_list":["post-52412","post","type-post","status-publish","format-standard","has-post-thumbnail","hentry","category-destaques","category-pericia-medica-2","category-ultimasnoticias"],"_links":{"self":[{"href":"https:\/\/somdepapo.com.br\/portal\/wp-json\/wp\/v2\/posts\/52412","targetHints":{"allow":["GET"]}}],"collection":[{"href":"https:\/\/somdepapo.com.br\/portal\/wp-json\/wp\/v2\/posts"}],"about":[{"href":"https:\/\/somdepapo.com.br\/portal\/wp-json\/wp\/v2\/types\/post"}],"author":[{"embeddable":true,"href":"https:\/\/somdepapo.com.br\/portal\/wp-json\/wp\/v2\/users\/1"}],"replies":[{"embeddable":true,"href":"https:\/\/somdepapo.com.br\/portal\/wp-json\/wp\/v2\/comments?post=52412"}],"version-history":[{"count":1,"href":"https:\/\/somdepapo.com.br\/portal\/wp-json\/wp\/v2\/posts\/52412\/revisions"}],"predecessor-version":[{"id":52414,"href":"https:\/\/somdepapo.com.br\/portal\/wp-json\/wp\/v2\/posts\/52412\/revisions\/52414"}],"wp:featuredmedia":[{"embeddable":true,"href":"https:\/\/somdepapo.com.br\/portal\/wp-json\/wp\/v2\/media\/52413"}],"wp:attachment":[{"href":"https:\/\/somdepapo.com.br\/portal\/wp-json\/wp\/v2\/media?parent=52412"}],"wp:term":[{"taxonomy":"category","embeddable":true,"href":"https:\/\/somdepapo.com.br\/portal\/wp-json\/wp\/v2\/categories?post=52412"},{"taxonomy":"post_tag","embeddable":true,"href":"https:\/\/somdepapo.com.br\/portal\/wp-json\/wp\/v2\/tags?post=52412"}],"curies":[{"name":"wp","href":"https:\/\/api.w.org\/{rel}","templated":true}]}}