{"id":52431,"date":"2026-09-06T09:49:08","date_gmt":"2026-09-06T12:49:08","guid":{"rendered":"https:\/\/somdepapo.com.br\/portal\/?p=52431"},"modified":"2026-09-06T09:49:08","modified_gmt":"2026-09-06T12:49:08","slug":"puchero-da-galicia","status":"publish","type":"post","link":"https:\/\/somdepapo.com.br\/portal\/puchero-da-galicia\/","title":{"rendered":"Puchero da Galicia"},"content":{"rendered":"<p style=\"text-align: right;\">Por Cida Lopes<\/p>\n<p>A base serve cerca de 10 por\u00e7\u00f5es.&nbsp;<\/p>\n<p>Ingredientes:<\/p>\n<p>Carnes e Prote\u00ednas<\/p>\n<p>&#8211; 1 kg. de costelinha defumada picada<\/p>\n<p>&#8211; 500 gr. de peito de frango<\/p>\n<p>&#8211; 500 gr.de lombo defumado picado<\/p>\n<p>&#8211; 500 gr.de lingui\u00e7a portuguesa (ou lingui\u00e7a fininha) fatiada<\/p>\n<p>&#8211; 500 gr. de bacon fatiado em peda\u00e7os pequenos&nbsp;<\/p>\n<p>Gr\u00e3os<\/p>\n<p>&#8211; 500 gr. de feij\u00e3o-branco (de molho em \u00e1gua por 24 horas)<\/p>\n<p>&#8211; 250 gr. de gr\u00e3o-de-bico (de molho em \u00e1gua por 24 horas)<\/p>\n<p>Temperos e Vegetais<\/p>\n<p>&#8211; 3 cebolas picadas<\/p>\n<p>&#8211; 500 gr. de tomate sem sementes picado<\/p>\n<p>&#8211; 300 gr. de azeitonas pretas<\/p>\n<p>&#8211; 1 piment\u00e3o vermelho ou amarelo picado<\/p>\n<p>&#8211; 1 cenoura em rodelas<\/p>\n<p>&#8211; 6 dentes de alho picados ou amassados<\/p>\n<p>&#8211; 1 ma\u00e7o de salsinha picada<\/p>\n<p>&#8211; 3 folhas de louro<\/p>\n<p>&#8211; 1 colher (sopa) de a\u00e7afr\u00e3o em p\u00f3<\/p>\n<p>&#8211; 1 colher (sopa) de urucum em p\u00f3 (colorau)<\/p>\n<p>&#8211; 2 colheres (sopa) de ervas finas (ou ervas de Provence)<\/p>\n<p>&#8211; Azeite de oliva a gosto&nbsp; &nbsp;<\/p>\n<p>Modo de Preparo<\/p>\n<p>&#8211; Cozinhe separadamente o feij\u00e3o e o gr\u00e3o-de-bico, e reserve.&nbsp;<\/p>\n<p>&#8211; Frite o bacon at\u00e9 dourar, junte a costelinha, o lombo e a lingui\u00e7a, reserve.&nbsp;<\/p>\n<p>&#8211; Na mesma panela frite o alho e a cebola, piment\u00f5es e tomates, o urucum, o a\u00e7afr\u00e3o, as folhas de louro e frite o peito de frango.<\/p>\n<p>&#8211; Junte todas as carnes, acrescente o gr\u00e3o-de-bico e o feij\u00e3o, com o caldo e deixe ferver para agregar os sabores.&nbsp;<\/p>\n<p>&#8211; Acrescente azeitonas e cheiro verde.<\/p>\n<p>&#8211; Deixe o caldo engrossar e sirva com arroz.<\/p>\n<p>BOM APETITE!!!<\/p>\n<p>Esta receita foi PREPARADA por Cida Lopes<\/p>\n<p>Receita testada e aprovada por Cida Lopes<\/p>\n<p>Cida Lopes, Apresentadora do Programa Hora Marcada<\/p>\n<p>Instagram: @horamarcadaa<\/p>\n<p>Instagram: @cidalopesapresentadora<\/p>\n<p>Facebook: Cidalopes<\/p>\n<p>Tik -Tok: cidalopeshoramarcada<\/p>\n<p>Parceria: 44-98815-7187&nbsp;<\/p>\n<p>&nbsp;<\/p>\n<p>&nbsp;<\/p>\n","protected":false},"excerpt":{"rendered":"<p>Por Cida Lopes A base serve cerca de 10 por\u00e7\u00f5es.&nbsp; Ingredientes: Carnes e Prote\u00ednas &#8211; 1 kg. de costelinha defumada picada &#8211; 500 gr. de peito de frango &#8211; 500 gr.de lombo defumado picado &#8211; 500 gr.de lingui\u00e7a portuguesa (ou lingui\u00e7a fininha) fatiada &#8211; 500 gr. de bacon fatiado em peda\u00e7os pequenos&nbsp; Gr\u00e3os &#8211; 500 [&hellip;]<\/p>\n","protected":false},"author":1,"featured_media":52432,"comment_status":"open","ping_status":"open","sticky":false,"template":"","format":"standard","meta":{"ngg_post_thumbnail":0,"footnotes":""},"categories":[2,8,41],"tags":[],"class_list":["post-52431","post","type-post","status-publish","format-standard","has-post-thumbnail","hentry","category-destaques","category-gastronomia","category-ultimasnoticias"],"_links":{"self":[{"href":"https:\/\/somdepapo.com.br\/portal\/wp-json\/wp\/v2\/posts\/52431","targetHints":{"allow":["GET"]}}],"collection":[{"href":"https:\/\/somdepapo.com.br\/portal\/wp-json\/wp\/v2\/posts"}],"about":[{"href":"https:\/\/somdepapo.com.br\/portal\/wp-json\/wp\/v2\/types\/post"}],"author":[{"embeddable":true,"href":"https:\/\/somdepapo.com.br\/portal\/wp-json\/wp\/v2\/users\/1"}],"replies":[{"embeddable":true,"href":"https:\/\/somdepapo.com.br\/portal\/wp-json\/wp\/v2\/comments?post=52431"}],"version-history":[{"count":1,"href":"https:\/\/somdepapo.com.br\/portal\/wp-json\/wp\/v2\/posts\/52431\/revisions"}],"predecessor-version":[{"id":52433,"href":"https:\/\/somdepapo.com.br\/portal\/wp-json\/wp\/v2\/posts\/52431\/revisions\/52433"}],"wp:featuredmedia":[{"embeddable":true,"href":"https:\/\/somdepapo.com.br\/portal\/wp-json\/wp\/v2\/media\/52432"}],"wp:attachment":[{"href":"https:\/\/somdepapo.com.br\/portal\/wp-json\/wp\/v2\/media?parent=52431"}],"wp:term":[{"taxonomy":"category","embeddable":true,"href":"https:\/\/somdepapo.com.br\/portal\/wp-json\/wp\/v2\/categories?post=52431"},{"taxonomy":"post_tag","embeddable":true,"href":"https:\/\/somdepapo.com.br\/portal\/wp-json\/wp\/v2\/tags?post=52431"}],"curies":[{"name":"wp","href":"https:\/\/api.w.org\/{rel}","templated":true}]}}