{"id":52434,"date":"2026-09-06T10:10:26","date_gmt":"2026-09-06T13:10:26","guid":{"rendered":"https:\/\/somdepapo.com.br\/portal\/?p=52434"},"modified":"2026-09-06T10:10:26","modified_gmt":"2026-09-06T13:10:26","slug":"o-comportamento-mudou-e-apenas-uma-fase-ou-sinal-de-alerta","status":"publish","type":"post","link":"https:\/\/somdepapo.com.br\/portal\/o-comportamento-mudou-e-apenas-uma-fase-ou-sinal-de-alerta\/","title":{"rendered":"O comportamento mudou: \u00e9 apenas uma fase ou sinal de alerta?"},"content":{"rendered":"<p style=\"text-align: right;\">Por Erika Ricci&nbsp;<\/p>\n<p style=\"text-align: justify;\">&nbsp;<\/p>\n<p style=\"text-align: justify;\">Seu filho est\u00e1 dando trabalho ou tentando pedir ajuda?<\/p>\n<p style=\"text-align: justify;\">&nbsp;<\/p>\n<p style=\"text-align: justify;\">Irrita\u00e7\u00e3o, isolamento, queda no rendimento e mudan\u00e7as repentinas podem revelar um sofrimento que a crian\u00e7a ou o adolescente ainda n\u00e3o consegue explicar.<\/p>\n<p style=\"text-align: justify;\">&nbsp;<\/p>\n<p style=\"text-align: justify;\">Quando uma crian\u00e7a come\u00e7a a responder de maneira agressiva, recusa-se a ir \u00e0 escola, perde o interesse pelas atividades, apresenta uma queda no rendimento ou passa a se isolar, \u00e9 comum que os adultos concentrem sua aten\u00e7\u00e3o apenas no comportamento. Surgem cobran\u00e7as, puni\u00e7\u00f5es e frases como: \u201cEle est\u00e1 imposs\u00edvel\u201d, \u201cEla n\u00e3o quer saber de nada\u201d ou \u201cIsso \u00e9 s\u00f3 uma fase\u201d. Mas, antes de concluir que aquele filho est\u00e1 apenas dando trabalho, existe uma pergunta importante a ser feita: ser\u00e1 que ele est\u00e1 tentando pedir ajuda?<\/p>\n<p style=\"text-align: justify;\">&nbsp;<\/p>\n<p style=\"text-align: justify;\">Crian\u00e7as e adolescentes nem sempre conseguem reconhecer e explicar o que est\u00e3o sentindo. Muitas vezes, eles ainda n\u00e3o possuem recursos emocionais ou palavras suficientes para dizer que est\u00e3o ansiosos, tristes, sobrecarregados, inseguros ou que alguma situa\u00e7\u00e3o est\u00e1 ultrapassando aquilo que conseguem suportar. Quando o sofrimento n\u00e3o encontra palavras, ele pode aparecer por meio do comportamento.<\/p>\n<p style=\"text-align: justify;\">&nbsp;<\/p>\n<p style=\"text-align: justify;\">A crian\u00e7a pode ficar mais irritada, chorar por situa\u00e7\u00f5es que antes conseguia enfrentar, apresentar altera\u00e7\u00f5es no sono e na alimenta\u00e7\u00e3o, reclamar frequentemente de dores de cabe\u00e7a ou de barriga, resistir \u00e0 escola, perder a vontade de brincar ou voltar a apresentar comportamentos de fases anteriores. O adolescente pode se afastar da fam\u00edlia, abandonar interesses, permanecer excessivamente no quarto, demonstrar desesperan\u00e7a, descuidar da pr\u00f3pria apar\u00eancia, apresentar queda no rendimento escolar ou reagir com agressividade diante de qualquer tentativa de aproxima\u00e7\u00e3o.<\/p>\n<p style=\"text-align: justify;\">&nbsp;<\/p>\n<p style=\"text-align: justify;\">Nenhum desses sinais, quando aparece isoladamente, significa necessariamente que exista um transtorno psicol\u00f3gico. Crian\u00e7as e adolescentes est\u00e3o em desenvolvimento e podem atravessar per\u00edodos de maior sensibilidade, irrita\u00e7\u00e3o ou necessidade de recolhimento. Entretanto, quando a mudan\u00e7a \u00e9 intensa, persistente ou muito diferente da maneira habitual de agir daquele filho, ela merece aten\u00e7\u00e3o.<\/p>\n<p style=\"text-align: justify;\">&nbsp;<\/p>\n<p style=\"text-align: justify;\">O Setembro Amarelo nos lembra da import\u00e2ncia de falar sobre sa\u00fade emocional e preven\u00e7\u00e3o, mas essa conversa n\u00e3o pode ficar restrita ao m\u00eas de setembro nem come\u00e7ar apenas quando o sofrimento j\u00e1 chegou ao limite. Prevenir tamb\u00e9m \u00e9 aprender a observar, acolher e levar a s\u00e9rio os pequenos sinais que aparecem no cotidiano.<\/p>\n<p style=\"text-align: justify;\">&nbsp;<\/p>\n<p style=\"text-align: justify;\">Diante de uma mudan\u00e7a de comportamento, a primeira rea\u00e7\u00e3o de muitos adultos \u00e9 tentar corrigir imediatamente aquilo que est\u00e1 incomodando. \u00c9 claro que crian\u00e7as e adolescentes precisam de orienta\u00e7\u00e3o, limites e responsabilidade por suas atitudes. Acolher n\u00e3o significa permitir tudo, assim como estabelecer limites n\u00e3o significa ignorar os sentimentos. O cuidado est\u00e1 justamente em conseguir fazer as duas coisas: orientar o comportamento e, ao mesmo tempo, investigar o que pode estar acontecendo por tr\u00e1s dele.<\/p>\n<p style=\"text-align: justify;\">&nbsp;<\/p>\n<p style=\"text-align: justify;\">Em vez de come\u00e7ar a conversa com acusa\u00e7\u00f5es como \u201cO que est\u00e1 acontecendo com voc\u00ea?\u201d ou \u201cPor que voc\u00ea est\u00e1 fazendo isso?\u201d, o adulto pode se aproximar dizendo: \u201cPercebi que voc\u00ea est\u00e1 mais quieto ultimamente\u201d, \u201cTenho notado que voc\u00ea est\u00e1 se irritando com mais facilidade\u201d ou \u201cVoc\u00ea n\u00e3o parece estar bem e eu quero entender como posso ajudar\u201d. Essa mudan\u00e7a na forma de abordar pode abrir um espa\u00e7o de seguran\u00e7a e diminuir a sensa\u00e7\u00e3o de julgamento.<\/p>\n<p style=\"text-align: justify;\">&nbsp;<\/p>\n<p style=\"text-align: justify;\">Tamb\u00e9m \u00e9 importante respeitar o tempo da crian\u00e7a ou do adolescente. Nem sempre eles conseguir\u00e3o falar imediatamente. Algumas crian\u00e7as se expressam melhor por meio de desenhos, brincadeiras e hist\u00f3rias. Alguns adolescentes precisam perceber que ser\u00e3o ouvidos sem receber um serm\u00e3o antes de conseguirem compartilhar o que est\u00e3o vivendo. A presen\u00e7a dispon\u00edvel, constante e sem press\u00e3o comunica: \u201cVoc\u00ea n\u00e3o precisa enfrentar isso sozinho\u201d.<\/p>\n<p style=\"text-align: justify;\">&nbsp;<\/p>\n<p style=\"text-align: justify;\">Pais e respons\u00e1veis tamb\u00e9m devem observar o contexto. Houve alguma mudan\u00e7a recente na fam\u00edlia? Existem conflitos frequentes dentro de casa? A crian\u00e7a est\u00e1 enfrentando dificuldades na escola? H\u00e1 sinais de bullying, exclus\u00e3o, excesso de cobran\u00e7as ou problemas nas amizades? O adolescente est\u00e1 vivendo alguma perda, rejei\u00e7\u00e3o ou situa\u00e7\u00e3o que acredita n\u00e3o conseguir contar aos adultos? Muitas vezes, o comportamento s\u00f3 come\u00e7a a fazer sentido quando deixamos de olhar para ele de maneira isolada.<\/p>\n<p style=\"text-align: justify;\">&nbsp;<\/p>\n<p style=\"text-align: justify;\">Outro cuidado necess\u00e1rio \u00e9 n\u00e3o diminuir a dor com frases como \u201cVoc\u00ea tem tudo\u201d, \u201cNa sua idade eu n\u00e3o tinha esses problemas\u201d, \u201cIsso \u00e9 falta do que fazer\u201d ou \u201cTem gente passando por coisa pior\u201d. O sofrimento n\u00e3o desaparece porque foi comparado ao sofrimento de outra pessoa. Ao contr\u00e1rio, quando a crian\u00e7a ou o adolescente sente que sua dor n\u00e3o \u00e9 levada a s\u00e9rio, pode aprender a escond\u00ea-la ainda mais.<\/p>\n<p style=\"text-align: justify;\">&nbsp;<\/p>\n<p style=\"text-align: justify;\">Buscar ajuda profissional n\u00e3o significa que os pais falharam ou que todo comportamento precisa receber um diagn\u00f3stico. Significa reconhecer que algumas situa\u00e7\u00f5es exigem um olhar especializado. O acompanhamento psicol\u00f3gico pode ajudar a compreender o que aquela crian\u00e7a ou adolescente ainda n\u00e3o consegue explicar, fortalecer recursos emocionais e orientar a fam\u00edlia e a escola sobre as formas mais adequadas de acolhimento e interven\u00e7\u00e3o.<\/p>\n<p style=\"text-align: justify;\">&nbsp;<\/p>\n<p style=\"text-align: justify;\">Se houver falas sobre desaparecer, morrer, n\u00e3o querer mais viver ou acreditar que todos ficariam melhor sem sua presen\u00e7a, isso nunca deve ser tratado como brincadeira, chantagem ou tentativa de chamar aten\u00e7\u00e3o. \u00c9 necess\u00e1rio levar a fala a s\u00e9rio, permanecer pr\u00f3ximo e buscar ajuda profissional imediatamente.<\/p>\n<p style=\"text-align: justify;\">&nbsp;<\/p>\n<p style=\"text-align: justify;\">Talvez seu filho n\u00e3o saiba dizer: \u201cEstou sobrecarregado\u201d, \u201cN\u00e3o estou conseguindo lidar com isso\u201d, \u201cTenho medo\u201d ou \u201cPreciso de ajuda\u201d. Talvez ele diga tudo isso ficando irritado, recusando-se a sair do quarto, chorando por motivos aparentemente pequenos ou apresentando comportamentos que desafiam toda a fam\u00edlia.<\/p>\n<p style=\"text-align: justify;\">&nbsp;<\/p>\n<p style=\"text-align: justify;\">Antes de enxergar apenas uma crian\u00e7a que est\u00e1 dando trabalho, procure enxergar uma crian\u00e7a que pode estar atravessando algo dif\u00edcil. Porque nem todo pedido de ajuda vem em palavras \u2014 e, muitas vezes, o comportamento \u00e9 a \u00fanica voz que o sofrimento encontrou.<\/p>\n<p style=\"text-align: justify;\">&nbsp;<\/p>\n<p style=\"text-align: justify;\">\u00c9rika Ricci \u2013 Psic\u00f3loga Cl\u00ednica<\/p>\n<p style=\"text-align: justify;\">Atendimento psicol\u00f3gico para crian\u00e7as e adolescentes | Orienta\u00e7\u00e3o familiar<\/p>\n<p style=\"text-align: justify;\">\ud83d\udcf1 WhatsApp: (11) 9 5636-6017<\/p>\n<p style=\"text-align: justify;\">\ud83d\udcf7 Instagram: @erikaricci.psico<\/p>\n<p style=\"text-align: justify;\">\ud83d\udce7 jardim.da.consciencia.psi@gmail.com<\/p>\n<p style=\"text-align: justify;\">\ud83d\udccd S\u00e3o Caetano do Sul \u2013 SP | Atendimento presencial e online<\/p>\n<p style=\"text-align: justify;\">WhatsApp: https:\/\/wa.me\/5511956366017<\/p>\n<p style=\"text-align: justify;\">&nbsp;<\/p>\n<p style=\"text-align: justify;\">&nbsp;<\/p>\n<p style=\"text-align: justify;\">&nbsp;<\/p>\n","protected":false},"excerpt":{"rendered":"<p>Por Erika Ricci&nbsp; &nbsp; Seu filho est\u00e1 dando trabalho ou tentando pedir ajuda? &nbsp; Irrita\u00e7\u00e3o, isolamento, queda no rendimento e mudan\u00e7as repentinas podem revelar um sofrimento que a crian\u00e7a ou o adolescente ainda n\u00e3o consegue explicar. &nbsp; Quando uma crian\u00e7a come\u00e7a a responder de maneira agressiva, recusa-se a ir \u00e0 escola, perde o interesse pelas [&hellip;]<\/p>\n","protected":false},"author":1,"featured_media":52435,"comment_status":"open","ping_status":"open","sticky":false,"template":"","format":"standard","meta":{"ngg_post_thumbnail":0,"footnotes":""},"categories":[2,411,41],"tags":[],"class_list":["post-52434","post","type-post","status-publish","format-standard","has-post-thumbnail","hentry","category-destaques","category-psicologia-infanto-juvenil","category-ultimasnoticias"],"_links":{"self":[{"href":"https:\/\/somdepapo.com.br\/portal\/wp-json\/wp\/v2\/posts\/52434","targetHints":{"allow":["GET"]}}],"collection":[{"href":"https:\/\/somdepapo.com.br\/portal\/wp-json\/wp\/v2\/posts"}],"about":[{"href":"https:\/\/somdepapo.com.br\/portal\/wp-json\/wp\/v2\/types\/post"}],"author":[{"embeddable":true,"href":"https:\/\/somdepapo.com.br\/portal\/wp-json\/wp\/v2\/users\/1"}],"replies":[{"embeddable":true,"href":"https:\/\/somdepapo.com.br\/portal\/wp-json\/wp\/v2\/comments?post=52434"}],"version-history":[{"count":1,"href":"https:\/\/somdepapo.com.br\/portal\/wp-json\/wp\/v2\/posts\/52434\/revisions"}],"predecessor-version":[{"id":52436,"href":"https:\/\/somdepapo.com.br\/portal\/wp-json\/wp\/v2\/posts\/52434\/revisions\/52436"}],"wp:featuredmedia":[{"embeddable":true,"href":"https:\/\/somdepapo.com.br\/portal\/wp-json\/wp\/v2\/media\/52435"}],"wp:attachment":[{"href":"https:\/\/somdepapo.com.br\/portal\/wp-json\/wp\/v2\/media?parent=52434"}],"wp:term":[{"taxonomy":"category","embeddable":true,"href":"https:\/\/somdepapo.com.br\/portal\/wp-json\/wp\/v2\/categories?post=52434"},{"taxonomy":"post_tag","embeddable":true,"href":"https:\/\/somdepapo.com.br\/portal\/wp-json\/wp\/v2\/tags?post=52434"}],"curies":[{"name":"wp","href":"https:\/\/api.w.org\/{rel}","templated":true}]}}