{"id":52439,"date":"2026-09-06T10:17:09","date_gmt":"2026-09-06T13:17:09","guid":{"rendered":"https:\/\/somdepapo.com.br\/portal\/?p=52439"},"modified":"2026-09-06T10:17:09","modified_gmt":"2026-09-06T13:17:09","slug":"pabllo-vittar-do-nordeste-do-brasil-para-o-mundo-um-artista-que-gosta-de-ser-o-que-quiser-ser","status":"publish","type":"post","link":"https:\/\/somdepapo.com.br\/portal\/pabllo-vittar-do-nordeste-do-brasil-para-o-mundo-um-artista-que-gosta-de-ser-o-que-quiser-ser\/","title":{"rendered":"Pabllo Vittar  do Nordeste do Brasil para o mundo, um artista que gosta de ser o que quiser ser"},"content":{"rendered":"<p style=\"text-align: right;\">&nbsp; Por: Rony Cysney \/ @ronycysney<\/p>\n<p style=\"text-align: justify;\">Phabullo Rodrigues da Silva, conhecido artisticamente como Pabllo Vittar, \u00e9 uma cantora, compositora e drag queen brasileira que se tornou \u00edcone global da m\u00fasica pop e da representatividade LGBTQIA+. Ganhou notoriedade com \u201cOpen Bar\u201d (2015) e consolidou o sucesso com \u00e1lbuns como Vai Passar Mal, N\u00e3o Para N\u00e3o e Batid\u00e3o Tropical. J\u00e1 se apresentou em festivais internacionais, quebrou recordes de streaming e foi citada pela Time e Forbes como a drag queen mais popular do mundo.&nbsp;<\/p>\n<p><img fetchpriority=\"high\" decoding=\"async\" class=\"alignnone size-full wp-image-52441\" src=\"https:\/\/somdepapo.com.br\/portal\/wp-content\/uploads\/2026\/09\/PABLLO-FOTO-01.jpg\" alt=\"\" width=\"648\" height=\"1059\" srcset=\"https:\/\/somdepapo.com.br\/portal\/wp-content\/uploads\/2026\/09\/PABLLO-FOTO-01.jpg 648w, https:\/\/somdepapo.com.br\/portal\/wp-content\/uploads\/2026\/09\/PABLLO-FOTO-01-184x300.jpg 184w, https:\/\/somdepapo.com.br\/portal\/wp-content\/uploads\/2026\/09\/PABLLO-FOTO-01-627x1024.jpg 627w, https:\/\/somdepapo.com.br\/portal\/wp-content\/uploads\/2026\/09\/PABLLO-FOTO-01-150x245.jpg 150w\" sizes=\"(max-width: 648px) 100vw, 648px\" \/><\/p>\n<p style=\"text-align: justify;\">Nascido em S\u00e3o Lu\u00eds e criado em cidades do interior do Maranh\u00e3o e do Par\u00e1, Vittar teve seu gosto pela m\u00fasica influenciado pela m\u00e3e e passou a se interessar pela arte das drag queens na adolesc\u00eancia. Suas primeiras apresenta\u00e7\u00f5es profissionais aconteceram numa casa noturna de Uberl\u00e2ndia, Minas Gerais. Ele ganhou aten\u00e7\u00e3o na internet com a can\u00e7\u00e3o &#8220;Open Bar&#8221;, em parceria com o DJ Mul\u00fa lan\u00e7ada em outubro de 2015 e inclu\u00edda em seu primeiro extended play (EP), tamb\u00e9m intitulado Open Bar.&nbsp;<\/p>\n<p style=\"text-align: justify;\">Vittar explicou, em diversas entrevistas, que n\u00e3o \u00e9 uma mulher trans: &#8220;Eu sou um homem gay, que tamb\u00e9m \u00e9 uma drag queen e que se veste, se comporta e se inspira no que ama, muito distante dessa barreira de &#8220;menino x menina&#8221;, pois ela simplesmente n\u00e3o existe.&#8221; No entanto, a respeito de sua sexualidade, afirmou: &#8220;Fico com mulheres, homens h\u00e9teros, homens gays\u2026 Gosto de corpos. O nome Pabllo \u00e9 uma &#8220;vers\u00e3o art\u00edstica&#8221; de seu nome de batismo, Phabullo, enquanto Vittar \u00e9 uma &#8220;cria\u00e7\u00e3o pr\u00f3pria&#8221;. Em outubro de 2022, se declara como g\u00eanero fluido. Vittar n\u00e3o pensou em adotar um nome art\u00edstico considerado feminino e at\u00e9 mesmo questionou o porqu\u00ea de Pabllo ser considerado um nome exclusivamente masculino. O cantor falou sobre a quest\u00e3o: .<\/p>\n<p><img decoding=\"async\" class=\"alignnone size-full wp-image-52440\" src=\"https:\/\/somdepapo.com.br\/portal\/wp-content\/uploads\/2026\/09\/PABLLO-FOTO-02.jpg\" alt=\"\" width=\"864\" height=\"470\" srcset=\"https:\/\/somdepapo.com.br\/portal\/wp-content\/uploads\/2026\/09\/PABLLO-FOTO-02.jpg 864w, https:\/\/somdepapo.com.br\/portal\/wp-content\/uploads\/2026\/09\/PABLLO-FOTO-02-300x163.jpg 300w, https:\/\/somdepapo.com.br\/portal\/wp-content\/uploads\/2026\/09\/PABLLO-FOTO-02-768x418.jpg 768w, https:\/\/somdepapo.com.br\/portal\/wp-content\/uploads\/2026\/09\/PABLLO-FOTO-02-150x82.jpg 150w, https:\/\/somdepapo.com.br\/portal\/wp-content\/uploads\/2026\/09\/PABLLO-FOTO-02-750x408.jpg 750w\" sizes=\"(max-width: 864px) 100vw, 864px\" \/><\/p>\n<p style=\"text-align: justify;\">&#8220;Nunca senti a necessidade de optar por um nome feminino porque, quando decidi fazer drag, queria passar verdade atrav\u00e9s da minha arte, m\u00fasica, do que acho que sou. [O nome] Pabllo me representa de uma forma que voc\u00ea n\u00e3o tem no\u00e7\u00e3o. Acho que, se eu tivesse um nome feminino, n\u00e3o ia passar tanta verdade. N\u00e3o gosto de me trancar em uma caixa. Gosto de ser afeminada, de ser isso aqui, de sair na rua \u00e0s vezes de bon\u00e9. Gosto de ser o que quiser ser\u201d.<\/p>\n<p style=\"text-align: justify;\">Eu, Rony Cysney, tive a oportunidade de conhecer Pabllo no in\u00edcio de sua carreira de artista quando iniciava a ser muito conhecido (2015). Ele \u00e9 incr\u00edvel, seja no palco ou fora do palco. Vida longa ao Pabllo Vittar!!!<\/p>\n<p style=\"text-align: justify;\">&nbsp;<\/p>\n<p style=\"text-align: justify;\">Fonte de pesquisa e das fotos: pesquisas livres no ggogle.com \/ Instagram do artista<\/p>\n<p style=\"text-align: justify;\">Rony Cysney \u2013 Formado em Administra\u00e7\u00e3o de Empresas com MBA em Gest\u00e3o de Pessoas, Rony Cysney \u00e9 Professor, Administrador, Comunicador, Apresentador, Editor, Compositor, Poeta e Escritor. Atualmente, \u00e9 Produtor e editor dos Programas \u201cConversando Abobrinha\u201d, \u201cPod ou N\u00e3o\u201d e \u201cNa Roda Gigante com Rony Cysney\u201d, todos na REDE SDP TV (Streaming). Est\u00e1 compondo m\u00fasicas e escrevendo poesias. Tamb\u00e9m est\u00e1 executando o projeto \u201cConversando Abobrinha\u201d, aprovado em junho deste ano, pela Secretaria de Cultura de Olinda-PE, atrav\u00e9s da Pol\u00edtica Nacional Aldyr Blanc de incentivo \u00e0 cultura.<\/p>\n<p style=\"text-align: justify;\">&nbsp;<\/p>\n","protected":false},"excerpt":{"rendered":"<p>&nbsp; Por: Rony Cysney \/ @ronycysney Phabullo Rodrigues da Silva, conhecido artisticamente como Pabllo Vittar, \u00e9 uma cantora, compositora e drag queen brasileira que se tornou \u00edcone global da m\u00fasica pop e da representatividade LGBTQIA+. Ganhou notoriedade com \u201cOpen Bar\u201d (2015) e consolidou o sucesso com \u00e1lbuns como Vai Passar Mal, N\u00e3o Para N\u00e3o e [&hellip;]<\/p>\n","protected":false},"author":1,"featured_media":52442,"comment_status":"open","ping_status":"open","sticky":false,"template":"","format":"standard","meta":{"ngg_post_thumbnail":0,"footnotes":""},"categories":[2,138,41],"tags":[],"class_list":["post-52439","post","type-post","status-publish","format-standard","has-post-thumbnail","hentry","category-destaques","category-personalidades","category-ultimasnoticias"],"_links":{"self":[{"href":"https:\/\/somdepapo.com.br\/portal\/wp-json\/wp\/v2\/posts\/52439","targetHints":{"allow":["GET"]}}],"collection":[{"href":"https:\/\/somdepapo.com.br\/portal\/wp-json\/wp\/v2\/posts"}],"about":[{"href":"https:\/\/somdepapo.com.br\/portal\/wp-json\/wp\/v2\/types\/post"}],"author":[{"embeddable":true,"href":"https:\/\/somdepapo.com.br\/portal\/wp-json\/wp\/v2\/users\/1"}],"replies":[{"embeddable":true,"href":"https:\/\/somdepapo.com.br\/portal\/wp-json\/wp\/v2\/comments?post=52439"}],"version-history":[{"count":1,"href":"https:\/\/somdepapo.com.br\/portal\/wp-json\/wp\/v2\/posts\/52439\/revisions"}],"predecessor-version":[{"id":52443,"href":"https:\/\/somdepapo.com.br\/portal\/wp-json\/wp\/v2\/posts\/52439\/revisions\/52443"}],"wp:featuredmedia":[{"embeddable":true,"href":"https:\/\/somdepapo.com.br\/portal\/wp-json\/wp\/v2\/media\/52442"}],"wp:attachment":[{"href":"https:\/\/somdepapo.com.br\/portal\/wp-json\/wp\/v2\/media?parent=52439"}],"wp:term":[{"taxonomy":"category","embeddable":true,"href":"https:\/\/somdepapo.com.br\/portal\/wp-json\/wp\/v2\/categories?post=52439"},{"taxonomy":"post_tag","embeddable":true,"href":"https:\/\/somdepapo.com.br\/portal\/wp-json\/wp\/v2\/tags?post=52439"}],"curies":[{"name":"wp","href":"https:\/\/api.w.org\/{rel}","templated":true}]}}