{"id":9798,"date":"2017-09-24T21:16:57","date_gmt":"2017-09-25T00:16:57","guid":{"rendered":"http:\/\/canalfolia.com.br\/?p=9798"},"modified":"2017-09-24T21:16:57","modified_gmt":"2017-09-25T00:16:57","slug":"atracao-mais-assediada-e-aguardada-do-salvador-fest-ivete-sangalo-canta-para-uma-multidao","status":"publish","type":"post","link":"https:\/\/somdepapo.com.br\/portal\/atracao-mais-assediada-e-aguardada-do-salvador-fest-ivete-sangalo-canta-para-uma-multidao\/","title":{"rendered":"ATRA\u00c7\u00c3O MAIS ASSEDIADA E AGUARDADA DO SALVADOR FEST, IVETE CANTA PARA UMA MULTID\u00c3O"},"content":{"rendered":"<p>&nbsp;<\/p>\n<p>Depois de ceder entrevista coletiva, onde respondeu perguntas acerca de sua carreira e gravidez, <strong>Ivete Sangalo<\/strong> sobe ao palco do Salvador Fest considerada a atra\u00e7\u00e3o mais esperada do evento.<\/p>\n<p>\u201c<strong>O nosso grande problema atualmente \u00e9 pensar individualmente<\/strong>\u201d, disse a cantora quando questionada sobre ter anunciado sua aus\u00eancia no carnaval de 2018. Ainda durante a coletiva, os jornalistas empilharam-se na busca da melhor foto e no aguardo da oportunidade de fazer alguma pergunta \u00e0 diva. Perguntada sobre a expectativa para o show, a artista disse que \u00e9 a melhor poss\u00edvel e ressaltou os cuidados que tem tomado em fun\u00e7\u00e3o da gravidez de g\u00eameas.<\/p>\n<p>J\u00e1 no palco e vestindo o mesmo figurino que se apresentou no Rock In Rio, Ivete cantou seus maiores sucesso e o mais atual single \u201c<strong>A Vontade<\/strong>\u201d, gravado em dueto com o cantor Wesley Safad\u00e3o.<\/p>\n<p>&nbsp;<\/p>\n<p>&nbsp;<\/p>\n<p><img fetchpriority=\"high\" decoding=\"async\" class=\"alignnone size-medium wp-image-9790\" src=\"http:\/\/canalfolia.com.br\/wp-content\/uploads\/2017\/09\/Capture_2017-09-24-19-59-18-194x300.png\" alt=\"\" width=\"194\" height=\"300\" \/><\/p>\n<p>&nbsp;<\/p>\n<p>&nbsp;<\/p>\n<p><img decoding=\"async\" class=\"alignnone size-medium wp-image-9799\" src=\"http:\/\/canalfolia.com.br\/wp-content\/uploads\/2017\/09\/Capture_2017-09-24-21-10-44-294x300.png\" alt=\"\" width=\"294\" height=\"300\" \/><\/p>\n<p>&nbsp;<\/p>\n<p>Equipe Canal Folia<\/p>\n<p>Foto de show: Saulo Brand\u00e3o<\/p>\n","protected":false},"excerpt":{"rendered":"<p>&nbsp; Depois de ceder entrevista coletiva, onde respondeu perguntas acerca de sua carreira e gravidez, Ivete Sangalo sobe ao palco do Salvador Fest considerada a atra\u00e7\u00e3o mais esperada do evento. \u201cO nosso grande problema atualmente \u00e9 pensar individualmente\u201d, disse a cantora quando questionada sobre ter anunciado sua aus\u00eancia no carnaval de 2018. Ainda durante a [&hellip;]<\/p>\n","protected":false},"author":1,"featured_media":0,"comment_status":"open","ping_status":"open","sticky":false,"template":"","format":"standard","meta":{"ngg_post_thumbnail":0,"footnotes":""},"categories":[31],"tags":[],"class_list":["post-9798","post","type-post","status-publish","format-standard","hentry","category-noticias"],"_links":{"self":[{"href":"https:\/\/somdepapo.com.br\/portal\/wp-json\/wp\/v2\/posts\/9798","targetHints":{"allow":["GET"]}}],"collection":[{"href":"https:\/\/somdepapo.com.br\/portal\/wp-json\/wp\/v2\/posts"}],"about":[{"href":"https:\/\/somdepapo.com.br\/portal\/wp-json\/wp\/v2\/types\/post"}],"author":[{"embeddable":true,"href":"https:\/\/somdepapo.com.br\/portal\/wp-json\/wp\/v2\/users\/1"}],"replies":[{"embeddable":true,"href":"https:\/\/somdepapo.com.br\/portal\/wp-json\/wp\/v2\/comments?post=9798"}],"version-history":[{"count":0,"href":"https:\/\/somdepapo.com.br\/portal\/wp-json\/wp\/v2\/posts\/9798\/revisions"}],"wp:attachment":[{"href":"https:\/\/somdepapo.com.br\/portal\/wp-json\/wp\/v2\/media?parent=9798"}],"wp:term":[{"taxonomy":"category","embeddable":true,"href":"https:\/\/somdepapo.com.br\/portal\/wp-json\/wp\/v2\/categories?post=9798"},{"taxonomy":"post_tag","embeddable":true,"href":"https:\/\/somdepapo.com.br\/portal\/wp-json\/wp\/v2\/tags?post=9798"}],"curies":[{"name":"wp","href":"https:\/\/api.w.org\/{rel}","templated":true}]}}